{"id":2428,"date":"2026-04-08T12:26:19","date_gmt":"2026-04-08T15:26:19","guid":{"rendered":"https:\/\/tvdiario.com.br\/comercial\/suzano-music-festival-comeca-nesta-quinta-com-leonardo-maiara-e-maraisa-e-mais-atracoes\/"},"modified":"2026-04-08T12:26:19","modified_gmt":"2026-04-08T15:26:19","slug":"suzano-music-festival-comeca-nesta-quinta-com-leonardo-maiara-e-maraisa-e-mais-atracoes","status":"publish","type":"post","link":"https:\/\/tvdiario.com.br\/comercial\/suzano-music-festival-comeca-nesta-quinta-com-leonardo-maiara-e-maraisa-e-mais-atracoes\/","title":{"rendered":"Suzano Music Festival come\u00e7a nesta quinta com Leonardo,  Maiara e Maraisa e mais atra\u00e7\u00f5es"},"content":{"rendered":"<div><img decoding=\"async\" src=\"https:\/\/tvdiario.com.br\/comercial\/wp-content\/uploads\/2026\/04\/1773691989731532-2-.jpg\"><br \/>     Leonardo, Maiara e Maraisa, L\u00e9o Santana e Murilo Huff se apresentam no Suzano Music Festival<br \/>\nReprodu\u00e7\u00e3o\/\u00c9rico Andrade\/Kl\u00e9ber Lobo<br \/>\nO Suzano Music Festival come\u00e7a nesta quinta-feira (9), no Parque Max Feffer e faz parte das comemora\u00e7\u00f5es pelos 77 anos da cidade, celebrados em 2 de abril.<br \/>\nNo line-up do evento est\u00e3o Leonardo, Murilo Huff, L\u00e9o Santana, Maiara e Maraisa e Roupa Nova (veja abaixo os pontos de troca dos ingressos).<br \/>\n\u2705 Clique para seguir o canal do g1 Mogi das Cruzes e Suzano no WhatsApp<br \/>\nQuem abre a programa\u00e7\u00e3o desta quinta \u00e9 o cantor Leonardo. Quem tamb\u00e9m sobe ao palco no mesmo dia \u00e9 a dupla Kaique e Felipe e o cantor Thiago Carvalho.<br \/>\nNa sexta-feira (10) tem a dupla Thiago e Graciano e o cantor Murilo Huff. No s\u00e1bado (11), quem se apresenta no evento \u00e9 a dupla Maiara e Maraisa, o cantor L\u00e9o Santana e a cantora Amanda Lins.<br \/>\nE quem encerra a festa no domingo (12), \u00e9 o grupo Roupa Nova e Acoustix.<br \/>\nPrograma\u00e7\u00e3o do Suzano Music Festival j\u00e1 est\u00e1 dispon\u00edvel<br \/>\nO p\u00fablico pode trocar ingressos para os dias de show por alimentos (veja mais detalhes abaixo). Al\u00e9m dos ingressos solid\u00e1rios, a empresa que promove o show comercializa outros espa\u00e7os, como \u00e1rea VIP, pista, front stage e camarote open bar . A compra deve ser feita pela internet.<br \/>\nTroca de ingresso<br \/>\nO Fundo Social de Solidariedade ampliou nesta ter\u00e7a-feira (7), a rede de troca de ingressos com mais sete novos endere\u00e7os.<br \/>\nOs ingressos podem ser trocados nos pontos que s\u00e3o equipamentos muncipais espalhados pela cidade das 9h e 16h. J\u00e1 os pontos comerciais atendem a popula\u00e7\u00e3o sem interrup\u00e7\u00e3o.<br \/>\nSegundo a Prefeitura, a troca solid\u00e1ria funciona mediante a doa\u00e7\u00e3o de alimentos espec\u00edficos em cada  data da apresenta\u00e7\u00e3o: arroz para quinta-feira (9), \u00f3leo para sexta-feira (10), macarr\u00e3o (dois pacotes) ou leite para s\u00e1bado (11) e feij\u00e3o para domingo (12).<br \/>\nCada morador pode retirar at\u00e9 cinco ingressos por show, desde que tenha mais de 18 anos. Menores poder\u00e3o participar dos eventos acompanhados por pais ou respons\u00e1veis. A distribui\u00e7\u00e3o segue enquanto houver tickets dispon\u00edveis.<br \/>\nSegundo a primeira-dama e presidente do Fundo Social de Solidariedade de Suzano, D\u00e9borah Raffoul Ishi, cada pessoa poder\u00e1 trocar at\u00e9 cinco ingressos por CPF.<br \/>\nO festival \u00e9 resultado de uma parceria entre a Prefeitura de Suzano e uma empresa privada. Segundo D\u00e9borah Raffoul Ishi, os ingressos solid\u00e1rios fazem parte da contrapartida pela realiza\u00e7\u00e3o dos shows em um espa\u00e7o p\u00fablico.<br \/>\nAo todo, foram disponibilizados 10 mil ingressos solid\u00e1rios por dia de evento, somando 40 mil.<br \/>\nVeja os locais de ponto de troca<br \/>\nParque Municipal Max Feffer &#8211;  Avenida Senador Roberto Simonsen, 90, Jardim Imperador<br \/>\nPa\u00e7o Municipal &#8211; rua Baruel, 501, no centro<br \/>\nMercado Municipal &#8211; rua Nove de Julho, 1.255, no Jardim Santa Helena<br \/>\nCasa de Cultura Professor Luiz Antonio da Silva &#8211; rua Manoel Ramos, 14, Parque Palmeiras<br \/>\nCentro Cultural Monteiro Lobato &#8211; rua Domingos Vitorino, 68, Jardim Cacique<br \/>\nCentro Cultural Fumiko Fukushima Katsumata &#8211; rua Get\u00falio Moreira de Souza, 30, Jardim Casa Branca<br \/>\nCentro Cultural Nelson da Cruz &#8211; rua Dr. Artur Saboya, 389, Cidade Boa Vista<br \/>\nCEU Alberto de Souza Candido &#8211; rua Teruo Nishikawa, 512, Jardim Gard\u00eania Azul<br \/>\nCentro de Educa\u00e7\u00e3o e Cultura Francisco Carlos Moriconi &#8211; rua Benjamin Constant, 682, Centro<br \/>\nSuzano Shopping &#8211; rua Sete de Setembro, 555, no Conjunto Residencial Ira\u00ed<br \/>\nSupermercados Primos &#8211; rua Jeca Tatu, 846, Vila Urup\u00eas<br \/>\nComercial Esperan\u00e7a &#8211; rua General Francisco Glic\u00e9rio, 1718, Jardim Anzai<br \/>\nSemar &#8211; rodovia \u00cdndio Tibiri\u00e7\u00e1, 4.600,  Raffo)<br \/>\nMago &#8211; avenida Katsutoshi Naito, 974, Cidade Boa Vista<br \/>\nNagumo &#8211; avenida Francisco Marengo , 2.301, Jardim Dona Benta<br \/>\nShibata &#8211; avenida Armando Salles de Oliveira, 1.520, Parque Suzano<br \/>\nAssista a mais not\u00edcias<\/div>\n","protected":false},"excerpt":{"rendered":"<p>Leonardo, Maiara e Maraisa, L\u00e9o Santana e Murilo Huff se apresentam no Suzano Music Festival Reprodu\u00e7\u00e3o\/\u00c9rico Andrade\/Kl\u00e9ber Lobo O Suzano Music Festival come\u00e7a nesta quinta-feira (9), no Parque Max Feffer &#8230;<\/p>\n","protected":false},"author":3,"featured_media":2429,"comment_status":"closed","ping_status":"closed","sticky":false,"template":"","format":"standard","meta":{"footnotes":""},"categories":[18],"tags":[],"class_list":["post-2428","post","type-post","status-publish","format-standard","has-post-thumbnail","hentry","category-g1"],"_links":{"self":[{"href":"https:\/\/tvdiario.com.br\/comercial\/wp-json\/wp\/v2\/posts\/2428","targetHints":{"allow":["GET"]}}],"collection":[{"href":"https:\/\/tvdiario.com.br\/comercial\/wp-json\/wp\/v2\/posts"}],"about":[{"href":"https:\/\/tvdiario.com.br\/comercial\/wp-json\/wp\/v2\/types\/post"}],"author":[{"embeddable":true,"href":"https:\/\/tvdiario.com.br\/comercial\/wp-json\/wp\/v2\/users\/3"}],"replies":[{"embeddable":true,"href":"https:\/\/tvdiario.com.br\/comercial\/wp-json\/wp\/v2\/comments?post=2428"}],"version-history":[{"count":0,"href":"https:\/\/tvdiario.com.br\/comercial\/wp-json\/wp\/v2\/posts\/2428\/revisions"}],"wp:featuredmedia":[{"embeddable":true,"href":"https:\/\/tvdiario.com.br\/comercial\/wp-json\/wp\/v2\/media\/2429"}],"wp:attachment":[{"href":"https:\/\/tvdiario.com.br\/comercial\/wp-json\/wp\/v2\/media?parent=2428"}],"wp:term":[{"taxonomy":"category","embeddable":true,"href":"https:\/\/tvdiario.com.br\/comercial\/wp-json\/wp\/v2\/categories?post=2428"},{"taxonomy":"post_tag","embeddable":true,"href":"https:\/\/tvdiario.com.br\/comercial\/wp-json\/wp\/v2\/tags?post=2428"}],"curies":[{"name":"wp","href":"https:\/\/api.w.org\/{rel}","templated":true}]}}