{"id":2430,"date":"2026-04-08T18:09:56","date_gmt":"2026-04-08T21:09:56","guid":{"rendered":"https:\/\/tvdiario.com.br\/comercial\/justica-condena-estado-a-indenizar-aluno-em-r-20-mil-por-trauma-apos-ataque-na-raul-brasil-em-suzano\/"},"modified":"2026-04-08T18:09:56","modified_gmt":"2026-04-08T21:09:56","slug":"justica-condena-estado-a-indenizar-aluno-em-r-20-mil-por-trauma-apos-ataque-na-raul-brasil-em-suzano","status":"publish","type":"post","link":"https:\/\/tvdiario.com.br\/comercial\/justica-condena-estado-a-indenizar-aluno-em-r-20-mil-por-trauma-apos-ataque-na-raul-brasil-em-suzano\/","title":{"rendered":"Justi\u00e7a condena Estado a indenizar aluno em R$ 20 mil por trauma ap\u00f3s ataque na Raul Brasil, em Suzano"},"content":{"rendered":"<div><img decoding=\"async\" src=\"https:\/\/tvdiario.com.br\/comercial\/wp-content\/uploads\/2026\/04\/file-5-.jpg\"><br \/>     Tribunal de Justi\u00e7a do Estado de S\u00e3o Paulo condenou Estao a pagar indeniza\u00e7\u00e3o para aluno que presenciou o ataque \u00e0 escola estadual Raul Brasil, em Suzano<br \/>\nPortal TJSP<br \/>\nO Tribunal de Justi\u00e7a de S\u00e3o Paulo (TJ-SP) condenou o Estado a pagar uma indeniza\u00e7\u00e3o de R$ 20 mil a um aluno que presenciou o ataque \u00e0 escola estadual Raul Brasil, em Suzano.<br \/>\n\u2705 Clique para seguir o canal do g1 Mogi das Cruzes e Suzano no WhatsApp<br \/>\nSegundo o tribunal, uma decis\u00e3o anterior da 1\u00aa Vara C\u00edvel de Suzano precisou ser alterada para corre\u00e7\u00e3o monet\u00e1ria.<br \/>\nEssa \u00e9 a terceira condena\u00e7\u00e3o do TJ-SP contra o Estado de S\u00e3o Paulo relacionada ao massacre. Em 2021, uma ex-aluna que ficou escondida durante o ataque foi indenizada, e em 2025, outra estudante que precisou de acompanhamento especializado tamb\u00e9m ganhou o direito \u00e0 repara\u00e7\u00e3o.<br \/>\nO estudante ser\u00e1 indenizado por desenvolver traumas psicol\u00f3gicos ap\u00f3s o massacre. Segundo o processo, ele estava em sala de aula quando dois atiradores invadiram a escola e atiraram contra alunos e funcion\u00e1rios.<br \/>\nComo resultado do trauma, o estudante n\u00e3o conseguiu voltar \u00e0 escola e s\u00f3 retomou os estudos mais tarde. Ele tamb\u00e9m relatou dificuldades de conv\u00edvio social.<br \/>\nPara o desembargador Coimbra Schmidt, relator do caso, houve falha do poder p\u00fablico na seguran\u00e7a da escola. Segundo ele, a situa\u00e7\u00e3o &#8220;extrapolou o mero aborrecimento&#8221;.<br \/>\n\u201cO Estado \u00e9 respons\u00e1vel pela guarda e seguran\u00e7a do aluno, e deve ser responsabilizado pelos danos causados enquanto estiver sob sua vigil\u00e2ncia, devendo ser afastada a alega\u00e7\u00e3o de caso fortuito externo, ainda que se conceitue como fator imprevis\u00edvel e inevit\u00e1vel, estranho \u00e0 atividade do estabelecimento de ensino\u201d, explicou o desembargador em sua decis\u00e3o.<br \/>\nA decis\u00e3o foi un\u00e2nime.<br \/>\nVEJA MAIS<br \/>\nJusti\u00e7a condena Estado a indenizar ex-aluna que presenciou ataque na escola Raul Brasil<br \/>\nLEIA MAIS<br \/>\nJusti\u00e7a condena Estado a indenizar em R$ 20 mil aluna que presenciou massacre na escola Raul Brasil, em Suzano<br \/>\nJusti\u00e7a condena Estado a indenizar ex-aluna que presenciou ataque na escola Raul Brasil, em Suzano<br \/>\nAssista a mais not\u00edcias sobre o Alto Tiet\u00ea<\/div>\n","protected":false},"excerpt":{"rendered":"<p>Tribunal de Justi\u00e7a do Estado de S\u00e3o Paulo condenou Estao a pagar indeniza\u00e7\u00e3o para aluno que presenciou o ataque \u00e0 escola estadual Raul Brasil, em Suzano Portal TJSP O Tribunal &#8230;<\/p>\n","protected":false},"author":3,"featured_media":2431,"comment_status":"closed","ping_status":"closed","sticky":false,"template":"","format":"standard","meta":{"footnotes":""},"categories":[18],"tags":[],"class_list":["post-2430","post","type-post","status-publish","format-standard","has-post-thumbnail","hentry","category-g1"],"_links":{"self":[{"href":"https:\/\/tvdiario.com.br\/comercial\/wp-json\/wp\/v2\/posts\/2430","targetHints":{"allow":["GET"]}}],"collection":[{"href":"https:\/\/tvdiario.com.br\/comercial\/wp-json\/wp\/v2\/posts"}],"about":[{"href":"https:\/\/tvdiario.com.br\/comercial\/wp-json\/wp\/v2\/types\/post"}],"author":[{"embeddable":true,"href":"https:\/\/tvdiario.com.br\/comercial\/wp-json\/wp\/v2\/users\/3"}],"replies":[{"embeddable":true,"href":"https:\/\/tvdiario.com.br\/comercial\/wp-json\/wp\/v2\/comments?post=2430"}],"version-history":[{"count":0,"href":"https:\/\/tvdiario.com.br\/comercial\/wp-json\/wp\/v2\/posts\/2430\/revisions"}],"wp:featuredmedia":[{"embeddable":true,"href":"https:\/\/tvdiario.com.br\/comercial\/wp-json\/wp\/v2\/media\/2431"}],"wp:attachment":[{"href":"https:\/\/tvdiario.com.br\/comercial\/wp-json\/wp\/v2\/media?parent=2430"}],"wp:term":[{"taxonomy":"category","embeddable":true,"href":"https:\/\/tvdiario.com.br\/comercial\/wp-json\/wp\/v2\/categories?post=2430"},{"taxonomy":"post_tag","embeddable":true,"href":"https:\/\/tvdiario.com.br\/comercial\/wp-json\/wp\/v2\/tags?post=2430"}],"curies":[{"name":"wp","href":"https:\/\/api.w.org\/{rel}","templated":true}]}}