{"id":2432,"date":"2026-04-08T21:18:17","date_gmt":"2026-04-09T00:18:17","guid":{"rendered":"https:\/\/tvdiario.com.br\/comercial\/mutirao-de-empregos-oferece-200-vagas-no-setor-de-transporte-em-poa-nesta-quinta-feira\/"},"modified":"2026-04-08T21:18:17","modified_gmt":"2026-04-09T00:18:17","slug":"mutirao-de-empregos-oferece-200-vagas-no-setor-de-transporte-em-poa-nesta-quinta-feira","status":"publish","type":"post","link":"https:\/\/tvdiario.com.br\/comercial\/mutirao-de-empregos-oferece-200-vagas-no-setor-de-transporte-em-poa-nesta-quinta-feira\/","title":{"rendered":"Mutir\u00e3o de empregos oferece 200 vagas no setor de transporte em Po\u00e1 nesta quinta-feira"},"content":{"rendered":"<div><img decoding=\"async\" src=\"https:\/\/tvdiario.com.br\/comercial\/wp-content\/uploads\/2026\/04\/empregos-sine-marataizes-gmd-reg-26-02-26mov-snapshot-0237157.jpg\"><br \/>     A\u00e7\u00e3o vai oferecer vagas de motoristas e outros cargos<br \/>\nReprodu\u00e7\u00e3o\/ TV Gazeta<br \/>\nUm mutir\u00e3o de empregos vai oferecer 200 vagas para o setor de transportes nesta quinta-feira (9), das 9h \u00e0s 16h. A a\u00e7\u00e3o, organizada pela Prefeitura de Po\u00e1, acontece na sede da Secretaria de Desenvolvimento Econ\u00f4mico e Inova\u00e7\u00e3o da cidade.<br \/>\n\u2705 Clique para seguir o canal do g1 Mogi das Cruzes e Suzano no WhatsApp<br \/>\nAo todo, ser\u00e3o disponibilizadas 100 vagas para motoristas e outras 100 oportunidades distribu\u00eddas entre diferentes fun\u00e7\u00f5es operacionais e t\u00e9cnicas.<br \/>\nEntre as fun\u00e7\u00f5es est\u00e3o: ajudante de manuten\u00e7\u00e3o, mec\u00e2nico B, oficial eletricista, oficial pintor, oficial funileiro, balconista de autope\u00e7as e oficial mec\u00e2nico.<br \/>\nPara participar, os interessados devem comparecer \u00e0 Secretaria com:<br \/>\nCNH;<br \/>\nprontu\u00e1rio de pontos da CNH;<br \/>\ncomprovante de resid\u00eancia;<br \/>\nRG;<br \/>\ncertificado do curso de Transporte Coletivo de Passageiros;<br \/>\natestado de antecedentes para transporte coletivo de passageiros.<br \/>\nA sede da secretaria fica na rua Vinte e Seis de Mar\u00e7o, 372, no centro da cidade.<br \/>\nVEJA MAIS<br \/>\nVeja os v\u00eddeos que est\u00e3o em alta no g1<br \/>\nAssista a mais not\u00edcias sobre o Alto Tiet\u00ea<\/div>\n","protected":false},"excerpt":{"rendered":"<p>A\u00e7\u00e3o vai oferecer vagas de motoristas e outros cargos Reprodu\u00e7\u00e3o\/ TV Gazeta Um mutir\u00e3o de empregos vai oferecer 200 vagas para o setor de transportes nesta quinta-feira (9), das 9h &#8230;<\/p>\n","protected":false},"author":3,"featured_media":2433,"comment_status":"closed","ping_status":"closed","sticky":false,"template":"","format":"standard","meta":{"footnotes":""},"categories":[18],"tags":[],"class_list":["post-2432","post","type-post","status-publish","format-standard","has-post-thumbnail","hentry","category-g1"],"_links":{"self":[{"href":"https:\/\/tvdiario.com.br\/comercial\/wp-json\/wp\/v2\/posts\/2432","targetHints":{"allow":["GET"]}}],"collection":[{"href":"https:\/\/tvdiario.com.br\/comercial\/wp-json\/wp\/v2\/posts"}],"about":[{"href":"https:\/\/tvdiario.com.br\/comercial\/wp-json\/wp\/v2\/types\/post"}],"author":[{"embeddable":true,"href":"https:\/\/tvdiario.com.br\/comercial\/wp-json\/wp\/v2\/users\/3"}],"replies":[{"embeddable":true,"href":"https:\/\/tvdiario.com.br\/comercial\/wp-json\/wp\/v2\/comments?post=2432"}],"version-history":[{"count":0,"href":"https:\/\/tvdiario.com.br\/comercial\/wp-json\/wp\/v2\/posts\/2432\/revisions"}],"wp:featuredmedia":[{"embeddable":true,"href":"https:\/\/tvdiario.com.br\/comercial\/wp-json\/wp\/v2\/media\/2433"}],"wp:attachment":[{"href":"https:\/\/tvdiario.com.br\/comercial\/wp-json\/wp\/v2\/media?parent=2432"}],"wp:term":[{"taxonomy":"category","embeddable":true,"href":"https:\/\/tvdiario.com.br\/comercial\/wp-json\/wp\/v2\/categories?post=2432"},{"taxonomy":"post_tag","embeddable":true,"href":"https:\/\/tvdiario.com.br\/comercial\/wp-json\/wp\/v2\/tags?post=2432"}],"curies":[{"name":"wp","href":"https:\/\/api.w.org\/{rel}","templated":true}]}}