{"id":2434,"date":"2026-04-09T09:24:05","date_gmt":"2026-04-09T12:24:05","guid":{"rendered":"https:\/\/tvdiario.com.br\/comercial\/role-no-alto-tiete-fim-de-semana-tem-leonardo-maiara-e-maraisa-leo-santana-murilo-huff-e-outras-atracoes\/"},"modified":"2026-04-09T09:24:05","modified_gmt":"2026-04-09T12:24:05","slug":"role-no-alto-tiete-fim-de-semana-tem-leonardo-maiara-e-maraisa-leo-santana-murilo-huff-e-outras-atracoes","status":"publish","type":"post","link":"https:\/\/tvdiario.com.br\/comercial\/role-no-alto-tiete-fim-de-semana-tem-leonardo-maiara-e-maraisa-leo-santana-murilo-huff-e-outras-atracoes\/","title":{"rendered":"Rol\u00ea no Alto Tiet\u00ea: fim de semana tem Leonardo, Maiara e Mara\u00edsa, L\u00e9o Santana, Murilo Huff e outras atra\u00e7\u00f5es"},"content":{"rendered":"<div><img decoding=\"async\" src=\"https:\/\/tvdiario.com.br\/comercial\/wp-content\/uploads\/2026\/04\/1773691989731532-2-1-1.jpg\"><br \/>     Leonardo, Maiara e Maraisa, L\u00e9o Santana e Murilo Huff se apresentam no Suzano Music Fest<br \/>\nReprodu\u00e7\u00e3o\/\u00c9rico Andrade\/Kl\u00e9ber Lobo<br \/>\nA agenda cultural do Alto Tiet\u00ea desta semana tem como destaque os shows de Leonardo, Maiara e Maraisa, L\u00e9o Santana e Murilo Huff, que se apresentam no Suzano Music Festival<br \/>\nQuem gosta de sertanejo vai curtir ainda os shows de Thiago Carvalho, L\u00e9o e Raphael, Amanda Lins, Thiago e Graciano e muito mais. A programa\u00e7\u00e3o traz tamb\u00e9m diversidade de estilos, com apresenta\u00e7\u00f5es de Vulgo FK, Dexter, Sete Cidades, o grupo Exausta Samba e outros artistas.<br \/>\nJ\u00e1 para quem prefere um mix de ritmos, Mogi das Cruzes recebe os DJs Nuts, Sublime, Kriador e Bellinight.<br \/>\n\u2705 Clique para seguir o canal do g1 Mogi das Cruzes e Suzano no WhatsApp<br \/>\nPara dar risadas, Fl\u00e1vio Pires, Pablo Loyo, Umbanda Comedy e Romarinho Ferreira se apresentam em uma casa de com\u00e9dia da regi\u00e3o.<br \/>\nNo teatro, t\u00eam os espet\u00e1culos &#8220;No cantinho com voc\u00ea&#8221; da Epifania Cia de Teatro, &#8220;Dois dedos, par\u00e1grafo&#8221; do Coletivo C\u00ea, &#8220;Uma s\u00e9rie de surpresas&#8221; da Cia Fundo Falso e &#8220;Um dia um rio&#8221; do Grupo 59 de Teatro.<br \/>\nO fim de semana conta ainda com eventos para toda a fam\u00edlia. H\u00e1 atra\u00e7\u00f5es gratuitas e pagas.<br \/>\nConfira a programa\u00e7\u00e3o completa do fim de semana<br \/>\n\ud83c\udfad Espet\u00e1culos<br \/>\n\ud83c\udf89 Eventos<br \/>\n\ud83c\udfa4 Shows<br \/>\n\ud83c\udfad Espet\u00e1culos<br \/>\nFl\u00e1vio Pires em: Mal Criado<br \/>\nFl\u00e1vio Pires se apresenta em Mogi das Cruzes<br \/>\nReprodu\u00e7\u00e3o\/Redes Sociais<br \/>\n\u2753 O que: o comediante costuma trabalhar com um estilo de humor baseado em situa\u00e7\u00f5es do cotidiano, observa\u00e7\u00f5es simples do dia a dia e intera\u00e7\u00e3o com o p\u00fablico, caracter\u00edsticas comuns do stand-up, focado na identifica\u00e7\u00e3o da plateia.<br \/>\n\ud83d\udcc6 Data: quinta-feira (9)<br \/>\n\u231a Hor\u00e1rio: a partir das 19h<br \/>\n\ud83d\udccd Local: Haha House<br \/>\n\ud83d\udea9 Endere\u00e7o: rua Doutor Ricardo Vilela, 1416, Jardim Esplanada, Mogi das Cruzes<br \/>\n\ud83d\udcb2 Quanto: a partir de R$ 30<br \/>\n\ud83c\udfab Ingressos: clique aqui para comprar<br \/>\nPablo Loyo em: Teste de fidelidade<br \/>\nPablo Loyo se apresenta em Mogi das Cruzes<br \/>\nFoto: Divulga\u00e7\u00e3o \/ Redes Sociais<br \/>\n\u2753 O que: Pablo Loyo \u00e9 comediante e influenciador digital, conhecido por um humor afiado e aut\u00eantico, que dialoga com o p\u00fablico jovem. Iniciou sua trajet\u00f3ria no stand-up em 2017 e ampliou sua presen\u00e7a nas redes sociais, como TikTok, YouTube e Instagram, onde acumula milh\u00f5es de seguidores e visualiza\u00e7\u00f5es.<br \/>\n\ud83d\udcc6 Data: sexta-feira (10)<br \/>\n\u231a Hor\u00e1rio: a partir das 19h<br \/>\n\ud83d\udccd Local: Haha House<br \/>\n\ud83d\udea9 Endere\u00e7o: rua Doutor Ricardo Vilela, 1416, Jardim Esplanada, Mogi das Cruzes<br \/>\n\ud83d\udcb2 Quanto: a partir de R$ 45<br \/>\n\ud83c\udfab Ingressos: clique aqui para comprar<br \/>\nNo cantinho com voc\u00ea<br \/>\nEspet\u00e1culo &#8220;No cantinho com voc\u00ea&#8221; acontece no Sesc de Mogi das Cruzes<br \/>\nFoto: Divulga\u00e7\u00e3o \/ Redes Sociais<br \/>\n\u2753 O que: espet\u00e1culo que mistura humor e reflex\u00e3o para discutir como a m\u00eddia e a exposi\u00e7\u00e3o da vida pessoal impactam a mulher e seu bem-estar, usando a linguagem de um programa de r\u00e1dio para dar voz a diferentes viv\u00eancias. Realizado pela Epifania Cia. de Teatro.<br \/>\n\ud83d\udcc6 Data: sexta-feira (10)<br \/>\n\u231a Hor\u00e1rio: 20h<br \/>\n\ud83d\udccd Local: Sesc Mogi das Cruzes<br \/>\n\ud83d\udea9 Endere\u00e7o: rua Rogerio Tacola, 118, Socorro, Mogi das Cruzes<br \/>\n\ud83d\udcb2 Quanto: gratuito<br \/>\nDois dedos, par\u00e1grafo<br \/>\nEspet\u00e1culo &#8220;Dois dedos, par\u00e1grafo&#8221; acontece no Sesi de Mogi das Cruzes<br \/>\nFoto: Bruno Ducatti<br \/>\n\u2753 O que: espet\u00e1culo que destaca hist\u00f3rias reais de professoras da rede p\u00fablica, valorizando mulheres an\u00f4nimas que atuam em transforma\u00e7\u00f5es sociais no Brasil. Realizado pelo Coletivo C\u00ea, com cinco atrizes e uso da t\u00e9cnica de teatro document\u00e1rio.<br \/>\n\ud83d\udcc6 Data: sexta-feira (10) e s\u00e1bado (11)<br \/>\n\u231a Hor\u00e1rio: sexta-feira \u00e0s 14h e s\u00e1bado \u00e0s 19h30<br \/>\n\ud83d\udccd Local: Sesi Mogi das Cruzes<br \/>\n\ud83d\udea9 Endere\u00e7o: rua Valmet, 171,  Braz Cubas, Mogi das Cruzes<br \/>\n\ud83d\udcb2 Quanto: gratuito<br \/>\n\ud83c\udfab Ingressos: clique aqui para resgatar<br \/>\nUmbanda Comedy<br \/>\nUmbanda Comedy se apresenta em Mogi das Cruzes<br \/>\nReprodu\u00e7\u00e3o\/Instagram<br \/>\n\u2753 O que: Umbanda Comedy \u00e9 um grupo de stand up formado por quatro comediantes umbandistas: Rodrigo Willy, Renato Kuni, Rog\u00e9rio Ber\u00ea e Andr\u00e9 Smith.<br \/>\n\ud83d\udcc6 Data: s\u00e1bado (11)<br \/>\n\u231a Hor\u00e1rio: a partir das 19h<br \/>\n\ud83d\udccd Local: Haha House<br \/>\n\ud83d\udea9 Endere\u00e7o: rua Doutor Ricardo Vilela, 1416, Jardim Esplanada, Mogi das Cruzes<br \/>\n\ud83d\udcb2 Quanto: a partir de R$ 45<br \/>\n\ud83c\udfab Ingressos: clique aqui para comprar<br \/>\nUma s\u00e9rie de surpresas<br \/>\nEspet\u00e1culo &#8220;Uma s\u00e9rie de surpresas&#8221; acontece no Sesc de Mogi das Cruzes<br \/>\nFoto: Divulga\u00e7\u00e3o \/ Redes Sociais<br \/>\n\u2753 O que: espet\u00e1culo interativo que mistura improviso, m\u00e1gica e comicidade, criando apresenta\u00e7\u00f5es \u00fanicas que estimulam a imagina\u00e7\u00e3o com participa\u00e7\u00e3o do p\u00fablico e m\u00fasica. Realizado pela Cia. Fundo Falso.<br \/>\n\ud83d\udcc6 Data: s\u00e1bado (11)<br \/>\n\u231a Hor\u00e1rio: 16h<br \/>\n\ud83d\udccd Local: Sesc Mogi das Cruzes<br \/>\n\ud83d\udea9 Endere\u00e7o: rua Rogerio Tacola, 118, Socorro, Mogi das Cruzes<br \/>\n\ud83d\udcb2 Quanto: gratuito<br \/>\nGrupo Tra-la-la<br \/>\nGrupo Tra-l\u00e1-l\u00e1 se apresenta no espa\u00e7o Terra de Almofadas em Mogi das Cruzes<br \/>\nFoto: Aline Christine Chiaradia<br \/>\n\u2753 O que: apresenta\u00e7\u00e3o musical gratuita que mistura m\u00fasica, ludicidade e intera\u00e7\u00e3o direta com o p\u00fablico. Realizada pelo grupo Tralal\u00e1, formado por Aline Chiaradia e Camila Valiengo.<br \/>\n\ud83d\udcc6 Data: s\u00e1bado (11)<br \/>\n\u231a Hor\u00e1rio: 16h<br \/>\n\ud83d\udccd Local: Espa\u00e7o Terra das Almofadas<br \/>\n\ud83d\udea9 Endere\u00e7o: avenida Dona Antonia Maria de Sousa, 650, Vila Lav\u00ednia, Mogi das Cruzes<br \/>\n\ud83d\udcb2 Quanto: gratuito<br \/>\n\ud83c\udfab Ingressos: (11) 94444-0336<br \/>\nRomarinho Ferreira<br \/>\nRomarinho Ferreira apresenta em Mogi das Cruzes<br \/>\nFoto: Divulga\u00e7\u00e3o \/ Redes Sociais<br \/>\n\u2753 O que: Romarinho atua no stand-up comedy desde 2016, com experi\u00eancia teatral pelo Sesc de S\u00e3o Jos\u00e9 dos Campos e cursos de improviso com M\u00e1rcio Ballas, al\u00e9m de experi\u00eancias em clown e atua\u00e7\u00e3o volunt\u00e1ria em hospitais. Apresenta-se em bares e teatros com textos autorais, consolidando seu estilo no humor.<br \/>\n\ud83d\udcc6 Data: domingo (12)<br \/>\n\u231a Hor\u00e1rio: a partir das 19h<br \/>\n\ud83d\udccd Local: Haha House<br \/>\n\ud83d\udea9 Endere\u00e7o: rua Doutor Ricardo Vilela, 1416, Jardim Esplanada, Mogi das Cruzes<br \/>\n\ud83d\udcb2 Quanto: a partir de R$ 45<br \/>\n\ud83c\udfab Ingressos: clique aqui para comprar<br \/>\nUm dia um rio<br \/>\nEspet\u00e1culo &#8220;Um dia um rio&#8221; acontece no Galp\u00e3o Arthur Netto em Mogi das Cruzes<br \/>\nFoto: Pri Fiotti<br \/>\n\u2753 O que: espet\u00e1culo c\u00eanico-musical que acompanha a vida de um rio, desde seu nascimento at\u00e9 enfrentar a destrui\u00e7\u00e3o causada pela minera\u00e7\u00e3o, em uma narrativa sens\u00edvel sobre meio ambiente e preserva\u00e7\u00e3o. Realizado pelo Grupo 59 de Teatro, com adapta\u00e7\u00e3o da obra de Leo Cunha e Andr\u00e9 Neves, voltado ao p\u00fablico infantojuvenil.<br \/>\n\ud83d\udcc6 Data: s\u00e1bado (11) e domingo (12)<br \/>\n\u231a Hor\u00e1rio: 16h<br \/>\n\ud83d\udccd Local: Galp\u00e3o Arthur Netto<br \/>\n\ud83d\udea9 Endere\u00e7o: rua Rui Barbosa, 248, Centro, Mogi das Cruzes<br \/>\n\ud83d\udcb2 Quanto: gratuito<br \/>\nVoltar ao in\u00edcio.<br \/>\n\ud83c\udf89 Eventos<br \/>\nCh\u00e1 com leitura<br \/>\nCh\u00e1 com Leitura em Taia\u00e7upeba<br \/>\nFoto: Divulga\u00e7\u00e3o<br \/>\n\u2753 O que: encontro liter\u00e1rio que recebe a escritora, poeta e editora Sheila Ferreira Kuno, abordando sua trajet\u00f3ria na literatura e atua\u00e7\u00e3o na gest\u00e3o cultural, al\u00e9m de discutir o cen\u00e1rio cultural da regi\u00e3o.<br \/>\n\ud83d\udcc6 Data: s\u00e1bado (11)<br \/>\n\u231a Hor\u00e1rio: 15h<br \/>\n\ud83d\udccd Local: Comidaria Edy Arte<br \/>\n\ud83d\udea9 Endere\u00e7o: Travessa da Rua Virg\u00ednia Eug\u00eania Grisbach Auerbach, 140, Taia\u00e7upeba, Mogi das Cruzes<br \/>\n\ud83d\udcb2 Quanto: gratuito<br \/>\nVoltar ao in\u00edcio.<br \/>\n\ud83c\udfa4 Shows<br \/>\nLeonardo<br \/>\nLeonardo se apresenta no Suzano Music Festival<br \/>\n\u00c9rico Andrade\/G1<br \/>\n\u2753 O que: ele canta grandes sucessos no Suzano Music Festival<br \/>\n\ud83d\udcc6 Data: quinta-feira (9)<br \/>\n\u231a Hor\u00e1rio: a partir das 17h30<br \/>\n\ud83d\udccd Local: Parque Max Feffer<br \/>\n\ud83d\udea9 Endere\u00e7o: avenida Senador Roberto Simonsen, 90, Jardim Imperador, Suzano<br \/>\n\ud83d\udcb2 Quanto: a partir de R$ 68,75<br \/>\n\ud83c\udfab Ingressos: clique aqui para comprar<br \/>\nKaique e Felipe<br \/>\nKaique e Felipe se apresentam no Suzano Music Festival<br \/>\nFoto: Divulga\u00e7\u00e3o \/ Redes Sociais<br \/>\n\u2753 O que: a dupla canta suas m\u00fasicas no Suzano Music Festival.<br \/>\n\ud83d\udcc6 Data: quinta-feira (9)<br \/>\n\u231a Hor\u00e1rio: a partir das 17h30<br \/>\n\ud83d\udccd Local: Parque Max Feffer<br \/>\n\ud83d\udea9 Endere\u00e7o: avenida Senador Roberto Simonsen, 90, Jardim Imperador, Suzano<br \/>\n\ud83d\udcb2 Quanto: a partir de R$ 68,75<br \/>\n\ud83c\udfab Ingressos: clique aqui para comprar<br \/>\nThiago Carvalho<br \/>\nThiago Carvalho se apresenta no Suzano Music Festival<br \/>\nFoto: Divulga\u00e7\u00e3o \/ Redes Sociais<br \/>\n\u2753 O que: ele canta suas m\u00fasicas no Suzano Music Festival.<br \/>\n\ud83d\udcc6 Data: quinta-feira (9)<br \/>\n\u231a Hor\u00e1rio: a partir das 17h30<br \/>\n\ud83d\udccd Local: Parque Max Feffer<br \/>\n\ud83d\udea9 Endere\u00e7o: avenida Senador Roberto Simonsen, 90, Jardim Imperador, Suzano<br \/>\n\ud83d\udcb2 Quanto: a partir de R$ 68,75<br \/>\n\ud83c\udfab Ingressos: clique aqui para comprar<br \/>\nL\u00e9o e Raphael<br \/>\nL\u00e9o e Raphael se apresentam no Agroshow Rodeio Fest de Sales\u00f3polis<br \/>\nDivulga\u00e7\u00e3o \/ Maur\u00edcio Antonio<br \/>\n\u2753 O que: a dupla canta suas m\u00fasicas no Agroshow Rodeio Fest de Salespolis.<br \/>\n\ud83d\udcc6 Data: quinta-feira (9)<br \/>\n\u231a Hor\u00e1rio: os hor\u00e1rios de cada show ser\u00e3o divulgados em breve<br \/>\n\ud83d\udccd Local: Espa\u00e7o Targino<br \/>\n\ud83d\udea9 Endere\u00e7o: rua prefeito Ant\u00f4nio R. de Camargo, 85, Sales\u00f3polis<br \/>\n\ud83d\udcb2 Quanto: entrada gratuita para pista, demais \u00e1reas a partir de R$ 50<br \/>\n\ud83c\udfab Ingressos: clique aqui para comprar<br \/>\nExausta Samba<br \/>\nExausta Samba se apresenta no Sesc de Mogi das Cruzes<br \/>\nDivulga\u00e7\u00e3o<br \/>\n\u2753 O que: show de pagode que valoriza a trajet\u00f3ria de mulheres no g\u00eanero, reunindo cl\u00e1ssicos e refer\u00eancias de diferentes gera\u00e7\u00f5es, das pioneiras \u00e0s artistas atuais. O grupo formado por mulheres e pessoas trans destaca compositoras e int\u00e9rpretes do samba e pagode.<br \/>\n\ud83d\udcc6 Data: quinta-feira (9)<br \/>\n\u231a Hor\u00e1rio: 20h<br \/>\n\ud83d\udccd Local: Sesc Mogi das Cruzes<br \/>\n\ud83d\udea9 Endere\u00e7o: rua Rogerio Tacola, 118, Socorro, Mogi das Cruzes<br \/>\n\ud83d\udcb2 Quanto: gratuito<br \/>\nDJ Sublime + estr\u00e9ia de document\u00e1rio<br \/>\n\u2753 O que: a DJ anima o p\u00fablico com muita m\u00fasica boa, no mesmo evento em que o Coletivo Faz Teu Corre estr\u00e9ia um document\u00e1rio.<br \/>\n\ud83d\udcc6 Data: quinta-feira (9)<br \/>\n\u231a Hor\u00e1rio: 19h<br \/>\n\ud83d\udccd Local: Grow<br \/>\n\ud83d\udea9 Endere\u00e7o: Pra\u00e7a Monsenhor Roque Pinto, 17, Mogi das Cruzes<br \/>\nSupra Sumo<br \/>\nSupra Sumo se apresenta em Mogi das Cruzes<br \/>\nFoto: Divulga\u00e7\u00e3o \/ Redes Sociais<br \/>\n\u2753 O que: a banda canta rock pop.<br \/>\n\ud83d\udcc6 Data: quinta-feira (9)<br \/>\n\u231a Hor\u00e1rio: 20h<br \/>\n\ud83d\udccd Local: Esquina Joaquina<br \/>\n\ud83d\udea9 Endere\u00e7o: Rua Sebasti\u00e3o Colla, 28, Jardim Rodeio, Mogi das Cruzes<br \/>\n\ud83c\udfab Ingressos: (11) 96403-2938<br \/>\nArrumadinho do Leo<br \/>\n\u2753 O que: Leo Ribeiro, Krill, Leozin e convidados cantam forr\u00f3.<br \/>\n\ud83d\udcc6 Data: quinta-feira (9)<br \/>\n\u231a Hor\u00e1rio: 19h<br \/>\n\ud83d\udccd Local: Quintal Secreto<br \/>\n\ud83d\udea9 Endere\u00e7o: avenida vereador Narciso Yague Guimar\u00e3es, 164, Centro C\u00edvico, Mogi das Cruzes<br \/>\n\ud83d\udcb2 Quanto: R$ 15<br \/>\n\ud83c\udfab Ingressos: (11) 98049-3459<br \/>\nMurilo Huff<br \/>\nMurilo Huff se apresenta no Suzano Music Festival<br \/>\nFoto: Divulga\u00e7\u00e3o \/ Redes Sociais<br \/>\n\u2753 O que: ele canta suas m\u00fasicas no Suzano Music Festival.<br \/>\n\ud83d\udcc6 Data: sexta-feira (10)<br \/>\n\u231a Hor\u00e1rio: a partir das 17h30<br \/>\n\ud83d\udccd Local: Parque Max Feffer<br \/>\n\ud83d\udea9 Endere\u00e7o: avenida Senador Roberto Simonsen, 90, Jardim Imperador, Suzano<br \/>\n\ud83d\udcb2 Quanto: a partir de R$ 68,75<br \/>\n\ud83c\udfab Ingressos: clique aqui para comprar<br \/>\nThiago e Graciano<br \/>\nThiago e Graciano se apresentam no Suzano Music Festival<br \/>\nFoto: Divulga\u00e7\u00e3o \/ Redes Sociais<br \/>\n\u2753 O que: a dupla canta suas m\u00fasicas no Suzano Music Festival.<br \/>\n\ud83d\udcc6 Data: sexta-feira (10)<br \/>\n\u231a Hor\u00e1rio: a partir das 17h30<br \/>\n\ud83d\udccd Local: Parque Max Feffer<br \/>\n\ud83d\udea9 Endere\u00e7o: avenida Senador Roberto Simonsen, 90, Jardim Imperador, Suzano<br \/>\n\ud83d\udcb2 Quanto: a partir de R$ 68,75<br \/>\n\ud83c\udfab Ingressos: clique aqui para comprar<br \/>\nClayton e Rom\u00e1rio<br \/>\nClayton e Rom\u00e1rio se apresentam no Agroshow Rodeio Fest de Salespolis<br \/>\n\u00c9rico Andrade\/g1<br \/>\n\u2753 O que: a dupla canta suas m\u00fasicas no Agroshow Rodeio Fest de Salespolis.<br \/>\n\ud83d\udcc6 Data: sexta-feira (10)<br \/>\n\u231a Hor\u00e1rio: os hor\u00e1rios de cada show ser\u00e3o divulgados em breve<br \/>\n\ud83d\udccd Local: Espa\u00e7o Targino<br \/>\n\ud83d\udea9 Endere\u00e7o: rua prefeito Ant\u00f4nio R. de Camargo, 85, Sales\u00f3polis<br \/>\n\ud83d\udcb2 Quanto: entrada gratuita para pista, demais \u00e1reas a partir de R$ 50<br \/>\n\ud83c\udfab Ingressos: clique aqui para comprar<br \/>\nBanda Sete Cidades<br \/>\nBanda Sete Cidades se apresenta em Mogi das Cruzes<br \/>\nReprodu\u00e7\u00e3o\/Instagram<br \/>\n\u2753 O que: banda tributo de Legi\u00e3o Urbana.<br \/>\n\ud83d\udcc6 Data: sexta-feira (10)<br \/>\n\u231a Hor\u00e1rio: a partir de 22h<br \/>\n\ud83d\udccd Local: Buxixo Rock Bar<br \/>\n\ud83d\udea9 Endere\u00e7o: avenida Capit\u00e3o Manoel Rudge, 1708, Mogi das Cruzes<br \/>\n\ud83d\udcb2 Quanto: R$ 27<br \/>\n\ud83c\udfab Ingressos: clique aqui para comprar<br \/>\nVinni Candido<br \/>\nVinni Candido e Renata Rubilar se apresentam em Mogi das Cruzes<br \/>\nFoto: Divulga\u00e7\u00e3o<br \/>\n\u2753 O que: Vinni Candido \u00e9 quem canta e toca viol\u00e3o, ao lado de Renata Rubilar na bateria e Thiago Dias no baixo.<br \/>\n\ud83d\udcc6 Data: sexta-feira (10)<br \/>\n\u231a Hor\u00e1rio: 19h<br \/>\n\ud83d\udccd Local: Grow<br \/>\n\ud83d\udea9 Endere\u00e7o: Pra\u00e7a Monsenhor Roque Pinto, 17, Mogi das Cruzes<br \/>\nBanda Red Tock<br \/>\n\u2753 O que: a banda canta rock.<br \/>\n\ud83d\udcc6 Data: sexta-feira (10)<br \/>\n\u231a Hor\u00e1rio: a partir de 20h<br \/>\n\ud83d\udccd Local: Esquina Joaquina<br \/>\n\ud83d\udea9 Endere\u00e7o: Rua Sebasti\u00e3o Colla, 28, Jardim Rodeio, Mogi das Cruzes<br \/>\n\ud83c\udfab Ingressos: (11) 96403-2938<br \/>\nVersati<br \/>\nBanda Versati se apresenta em Mogi das Cruzes<br \/>\nFoto: Divulga\u00e7\u00e3o \/ Redes Sociais<br \/>\n\u2753 O que: a banda canta rock e reggae.<br \/>\n\ud83d\udcc6 Data: sexta-feira (10)<br \/>\n\u231a Hor\u00e1rio: 20h<br \/>\n\ud83d\udccd Local: Quintal Secreto<br \/>\n\ud83d\udea9 Endere\u00e7o: avenida vereador Narciso Yague Guimar\u00e3es, 164, Centro C\u00edvico, Mogi das Cruzes<br \/>\n\ud83d\udcb2 Quanto: R$ 15<br \/>\n\ud83c\udfab Ingressos: (11) 98049-3459<br \/>\nMaiara e Mara\u00edsa<br \/>\nMaiara e Mara\u00edsa se apresentam no Suzano Music Festival<br \/>\nFoto: Divulga\u00e7\u00e3o \/ Redes Sociais<br \/>\n\u2753 O que: a dupla canta suas m\u00fasicas no Suzano Music Festival.<br \/>\n\ud83d\udcc6 Data: s\u00e1bado (11)<br \/>\n\u231a Hor\u00e1rio: a partir das 17h30<br \/>\n\ud83d\udccd Local: Parque Max Feffer<br \/>\n\ud83d\udea9 Endere\u00e7o: avenida Senador Roberto Simonsen, 90, Jardim Imperador, Suzano<br \/>\n\ud83d\udcb2 Quanto: a partir de R$ 68,75<br \/>\n\ud83c\udfab Ingressos: clique aqui para comprar<br \/>\nL\u00e9o Santana<br \/>\nL\u00e9o Santana se apresenta no Suzano Music Festival<br \/>\nDivulga\u00e7\u00e3o<br \/>\n\u2753 O que: ele canta suas m\u00fasicas no Suzano Music Festival.<br \/>\n\ud83d\udcc6 Data: s\u00e1bado (11)<br \/>\n\u231a Hor\u00e1rio: a partir das 17h30<br \/>\n\ud83d\udccd Local: Parque Max Feffer<br \/>\n\ud83d\udea9 Endere\u00e7o: avenida Senador Roberto Simonsen, 90, Jardim Imperador, Suzano<br \/>\n\ud83d\udcb2 Quanto: a partir de R$ 68,75<br \/>\n\ud83c\udfab Ingressos: clique aqui para comprar<br \/>\nAmanda Lins<br \/>\nAmanda Lins se apresenta no Suzano Music Festival<br \/>\nDivulga\u00e7\u00e3o<br \/>\n\u2753 O que: ela canta suas m\u00fasicas no Suzano Music Festival.<br \/>\n\ud83d\udcc6 Data: s\u00e1bado (11)<br \/>\n\u231a Hor\u00e1rio: a partir das 17h30<br \/>\n\ud83d\udccd Local: Parque Max Feffer<br \/>\n\ud83d\udea9 Endere\u00e7o: avenida Senador Roberto Simonsen, 90, Jardim Imperador, Suzano<br \/>\n\ud83d\udcb2 Quanto: a partir de R$ 68,75<br \/>\n\ud83c\udfab Ingressos: clique aqui para comprar<br \/>\nMarcos e Bueno<br \/>\nMarcos e Bueno se apresentam no Agroshow Rodeio Fest de Salespolis<br \/>\nDivulga\u00e7\u00e3o<br \/>\n\u2753 O que: a dupla canta suas m\u00fasicas no Agroshow Rodeio Fest de Salespolis.<br \/>\n\ud83d\udcc6 Data: s\u00e1bado (11)<br \/>\n\u231a Hor\u00e1rio: os hor\u00e1rios de cada show ser\u00e3o divulgados em breve<br \/>\n\ud83d\udccd Local: Espa\u00e7o Targino<br \/>\n\ud83d\udea9 Endere\u00e7o: rua prefeito Ant\u00f4nio R. de Camargo, 85, Sales\u00f3polis<br \/>\n\ud83d\udcb2 Quanto: entrada gratuita para pista, demais \u00e1reas a partir de R$ 50<br \/>\n\ud83c\udfab Ingressos: clique aqui para comprar<br \/>\nL\u00e9o e Junior<br \/>\nL\u00e9o e J\u00fanior se apresentam no Agroshow Rodeio Fest de Salespolis<br \/>\nFoto: Divulga\u00e7\u00e3o \/ Redes Sociais<br \/>\n\u2753 O que: a dupla canta suas m\u00fasicas no Agroshow Rodeio Fest de Salespolis.<br \/>\n\ud83d\udcc6 Data: s\u00e1bado (11)<br \/>\n\u231a Hor\u00e1rio: os hor\u00e1rios de cada show ser\u00e3o divulgados em breve<br \/>\n\ud83d\udccd Local: Espa\u00e7o Targino<br \/>\n\ud83d\udea9 Endere\u00e7o: rua prefeito Ant\u00f4nio R. de Camargo, 85, Sales\u00f3polis<br \/>\n\ud83d\udcb2 Quanto: entrada gratuita para pista, demais \u00e1reas a partir de R$ 50<br \/>\n\ud83c\udfab Ingressos: clique aqui para comprar<br \/>\nVulgo FK<br \/>\nVulgo FK se apresenta em Mogi das Cruzes<br \/>\nReprodu\u00e7\u00e3o\/Instagram<br \/>\n\u2753 O que: o artista canta trap e funk.<br \/>\n\ud83d\udcc6 Data: s\u00e1bado (11)<br \/>\n\u231a Hor\u00e1rio: 23h15<br \/>\n\ud83d\udccd Local: Villa Fest<br \/>\n\ud83d\udea9 Endere\u00e7o: avenida prefeito Carlos Ferreira Lopes, 1720, Jardim Rodeio, Mogi das Cruzes<br \/>\n\ud83d\udcb2 Quanto: a partir de R$ 30<br \/>\n\ud83c\udfab Ingressos: clique aqui para comprar<br \/>\nDexter<br \/>\nDexter se apresenta no Sesc de Mogi das Cruzes<br \/>\nF\u00e1bio Terral\/Divulga\u00e7\u00e3o<br \/>\n\u2753 O que: o rapper canta suas m\u00fasicas.<br \/>\n\ud83d\udcc6 Data: s\u00e1bado (11)<br \/>\n\u231a Hor\u00e1rio: 19h<br \/>\n\ud83d\udccd Local: Sesc Mogi das Cruzes<br \/>\n\ud83d\udea9 Endere\u00e7o: rua Rogerio Tacola, 118, Socorro, Mogi das Cruzes<br \/>\n\ud83d\udcb2 Quanto: a partir de R$ 18<br \/>\n\ud83c\udfab Ingressos: clique aqui para comprar ou compre no aplicativo \u201cCredencial Sesc SP\u201d<br \/>\nOs Colombinos<br \/>\nOs Colombinos se apresentam em Mogi das Cruzes<br \/>\nFoto: Divulga\u00e7\u00e3o \/ Redes Sociais<br \/>\n\u2753 O que: a banda canta reggae e rock.<br \/>\n\ud83d\udcc6 Data: s\u00e1bado (11)<br \/>\n\u231a Hor\u00e1rio: 20h<br \/>\n\ud83d\udccd Local: Quintal Secreto<br \/>\n\ud83d\udea9 Endere\u00e7o: avenida vereador Narciso Yague Guimar\u00e3es, 164, Centro C\u00edvico, Mogi das Cruzes<br \/>\n\ud83d\udcb2 Quanto: R$ 10 at\u00e9 21h, depois R$ 20<br \/>\n\ud83c\udfab Ingressos: (11) 98049-3459<br \/>\nDJ Nuts e DJ Kriador<br \/>\nDJ Nuts se apresenta em Mogi das Cruzes<br \/>\nDivulga\u00e7\u00e3o \/ Groovers<br \/>\n\u2753 O que: apresenta\u00e7\u00e3o de DJs com foco na discotecagem que mistura rap e samba. Realizada por DJ Nuts, com participa\u00e7\u00e3o de Kriador.<br \/>\n\ud83d\udcc6 Data: s\u00e1bado (11)<br \/>\n\u231a Hor\u00e1rio: 19h<br \/>\n\ud83d\udccd Local: Grow<br \/>\n\ud83d\udea9 Endere\u00e7o: Pra\u00e7a Monsenhor Roque Pinto, 17, Mogi das Cruzes<br \/>\nRock Le Pop<br \/>\nBanda Rock Le Pop se apresenta em Mogi das Cruzes<br \/>\nFoto: Divulga\u00e7\u00e3o \/ Redes Sociais<br \/>\n\u2753 O que: a banda canta rock.<br \/>\n\ud83d\udcc6 Data: s\u00e1bado (11)<br \/>\n\u231a Hor\u00e1rio: 20h<br \/>\n\ud83d\udccd Local: Esquina Joaquina<br \/>\n\ud83d\udea9 Endere\u00e7o: Rua Sebasti\u00e3o Colla, 28, Jardim Rodeio, Mogi das Cruzes<br \/>\n\ud83c\udfab Ingressos: (11) 96403-2938<br \/>\nBanda Core<br \/>\nBanda Core se apresenta em Mogi das Cruzes<br \/>\nFoto: Divulga\u00e7\u00e3o \/ Redes Sociais<br \/>\n\u2753 O que: a banda toca suas m\u00fasicas no estilo rock pop.<br \/>\n\ud83d\udcc6 Data: s\u00e1bado (11)<br \/>\n\u231a Hor\u00e1rio: a partir das 22h<br \/>\n\ud83d\udccd Local: Buxixo Rock Bar<br \/>\n\ud83d\udea9 Endere\u00e7o: avenida Capit\u00e3o Manoel Rudge, 1708, Mogi das Cruzes<br \/>\n\ud83d\udcb2 Quanto: R$ 27<br \/>\n\ud83c\udfab Ingressos: clique aqui para comprar<br \/>\nRoupa Nova<br \/>\nBanda Roupa Nova se apresenta no Suzano Music Festival<br \/>\nDivulga\u00e7\u00e3o<br \/>\n\u2753 O que: o grupo canta suas m\u00fasicas no Suzano Music Festival.<br \/>\n\ud83d\udcc6 Data: domingo (12)<br \/>\n\u231a Hor\u00e1rio: a partir das 17h30<br \/>\n\ud83d\udccd Local: Parque Max Feffer<br \/>\n\ud83d\udea9 Endere\u00e7o: avenida Senador Roberto Simonsen, 90, Jardim Imperador, Suzano<br \/>\n\ud83d\udcb2 Quanto: a partir de R$ 68,75<br \/>\n\ud83c\udfab Ingressos: clique aqui para comprar<br \/>\nAcoustix<br \/>\nAcoustix se apresenta no Suzano Music Festival<br \/>\nFoto: Divulga\u00e7\u00e3o \/ Redes Sociais<br \/>\n\u2753 O que: o grupo canta suas m\u00fasicas no Suzano Music Festival.<br \/>\n\ud83d\udcc6 Data: domingo (12)<br \/>\n\u231a Hor\u00e1rio: a partir das 17h30<br \/>\n\ud83d\udccd Local: Parque Max Feffer<br \/>\n\ud83d\udea9 Endere\u00e7o: avenida Senador Roberto Simonsen, 90, Jardim Imperador, Suzano<br \/>\n\ud83d\udcb2 Quanto: a partir de R$ 68,75<br \/>\n\ud83c\udfab Ingressos: clique aqui para comprar<br \/>\nDiego e Arnaldo<br \/>\nDupla sertaneja Diego e Arnaldo<br \/>\nReprodu\u00e7\u00e3o<br \/>\n\u2753 O que: a dupla canta suas m\u00fasicas no Agroshow Rodeio Fest de Salespolis.<br \/>\n\ud83d\udcc6 Data: domingo (12)<br \/>\n\u231a Hor\u00e1rio: os hor\u00e1rios de cada show ser\u00e3o divulgados em breve<br \/>\n\ud83d\udccd Local: Espa\u00e7o Targino<br \/>\n\ud83d\udea9 Endere\u00e7o: rua prefeito Ant\u00f4nio R. de Camargo, 85, Sales\u00f3polis<br \/>\n\ud83d\udcb2 Quanto: entrada gratuita para pista, demais \u00e1reas a partir de R$ 50<br \/>\n\ud83c\udfab Ingressos: clique aqui para comprar<br \/>\nTributo ao RBD Experience<br \/>\nTributo ao RBD Experience se apresenta no Shopping Urupema<br \/>\nFoto: Divulga\u00e7\u00e3o<br \/>\n\u2753 O que: show tributo ao RBD com repert\u00f3rio de sucessos como \u201cS\u00e1lvame\u201d, \u201cNuestro Amor\u201d e \u201cRebelde\u201d. Realizado pelo grupo Tributo ao RBD Experience.<br \/>\n\ud83d\udcc6 Data: domingo (12)<br \/>\n\u231a Hor\u00e1rio: a partir das 16h<br \/>\n\ud83d\udccd Local: Shopping Urupema<br \/>\n\ud83d\udea9 Endere\u00e7o: avenida Volunt\u00e1rio Fernando Pinheiro Franco, 515, Centro, Mogi das Cruzes<br \/>\n\ud83d\udcb2 Quanto: gratuito<br \/>\nJ\u00e9ssica e Juliana<br \/>\nJ\u00e9ssica e Juliana se apresentam no Sesc de Mogi das Cruzes<br \/>\nFoto: Divulga\u00e7\u00e3o \/ Redes Sociais<br \/>\n\u2753 O que: a dupla canta cl\u00e1ssicos do sertanejo raiz, em formato ac\u00fastico que destaca a viola caipira e a sanfona.<br \/>\n\ud83d\udcc6 Data: domingo (12)<br \/>\n\u231a Hor\u00e1rio: 16h<br \/>\n\ud83d\udccd Local: Sesc Mogi das Cruzes<br \/>\n\ud83d\udea9 Endere\u00e7o: rua Rogerio Tacola, 118, Socorro, Mogi das Cruzes<br \/>\n\ud83d\udcb2 Quanto: gratuito<br \/>\nDJ Bellinight<br \/>\n\u2753 O que: o DJ anima o p\u00fablico com muita m\u00fasica boa.<br \/>\n\ud83d\udcc6 Data: domingo (12)<br \/>\n\u231a Hor\u00e1rio: 18h<br \/>\n\ud83d\udccd Local: Grow<br \/>\n\ud83d\udea9 Endere\u00e7o: Pra\u00e7a Monsenhor Roque Pinto, 17, Mogi das Cruzes<br \/>\nVoltar ao in\u00edcio.<br \/>\n*estagi\u00e1rio sob supervis\u00e3o de Gladys Peixoto<br \/>\nAssista a mais not\u00edcias sobre o Alto Tiet\u00ea<\/div>\n","protected":false},"excerpt":{"rendered":"<p>Leonardo, Maiara e Maraisa, L\u00e9o Santana e Murilo Huff se apresentam no Suzano Music Fest Reprodu\u00e7\u00e3o\/\u00c9rico Andrade\/Kl\u00e9ber Lobo A agenda cultural do Alto Tiet\u00ea desta semana tem como destaque os &#8230;<\/p>\n","protected":false},"author":3,"featured_media":2435,"comment_status":"closed","ping_status":"closed","sticky":false,"template":"","format":"standard","meta":{"footnotes":""},"categories":[18],"tags":[],"class_list":["post-2434","post","type-post","status-publish","format-standard","has-post-thumbnail","hentry","category-g1"],"_links":{"self":[{"href":"https:\/\/tvdiario.com.br\/comercial\/wp-json\/wp\/v2\/posts\/2434","targetHints":{"allow":["GET"]}}],"collection":[{"href":"https:\/\/tvdiario.com.br\/comercial\/wp-json\/wp\/v2\/posts"}],"about":[{"href":"https:\/\/tvdiario.com.br\/comercial\/wp-json\/wp\/v2\/types\/post"}],"author":[{"embeddable":true,"href":"https:\/\/tvdiario.com.br\/comercial\/wp-json\/wp\/v2\/users\/3"}],"replies":[{"embeddable":true,"href":"https:\/\/tvdiario.com.br\/comercial\/wp-json\/wp\/v2\/comments?post=2434"}],"version-history":[{"count":0,"href":"https:\/\/tvdiario.com.br\/comercial\/wp-json\/wp\/v2\/posts\/2434\/revisions"}],"wp:featuredmedia":[{"embeddable":true,"href":"https:\/\/tvdiario.com.br\/comercial\/wp-json\/wp\/v2\/media\/2435"}],"wp:attachment":[{"href":"https:\/\/tvdiario.com.br\/comercial\/wp-json\/wp\/v2\/media?parent=2434"}],"wp:term":[{"taxonomy":"category","embeddable":true,"href":"https:\/\/tvdiario.com.br\/comercial\/wp-json\/wp\/v2\/categories?post=2434"},{"taxonomy":"post_tag","embeddable":true,"href":"https:\/\/tvdiario.com.br\/comercial\/wp-json\/wp\/v2\/tags?post=2434"}],"curies":[{"name":"wp","href":"https:\/\/api.w.org\/{rel}","templated":true}]}}