{"id":2445,"date":"2026-04-09T15:01:38","date_gmt":"2026-04-09T18:01:38","guid":{"rendered":"https:\/\/tvdiario.com.br\/comercial\/trem-bate-em-caminhao-na-estrada-do-taboao-do-paratei-em-mogi\/"},"modified":"2026-04-09T15:01:38","modified_gmt":"2026-04-09T18:01:38","slug":"trem-bate-em-caminhao-na-estrada-do-taboao-do-paratei-em-mogi","status":"publish","type":"post","link":"https:\/\/tvdiario.com.br\/comercial\/trem-bate-em-caminhao-na-estrada-do-taboao-do-paratei-em-mogi\/","title":{"rendered":"Trem bate em caminh\u00e3o na estrada do Tabo\u00e3o do Parate\u00ed, em Mogi"},"content":{"rendered":"<div><img decoding=\"async\" src=\"https:\/\/tvdiario.com.br\/comercial\/wp-content\/uploads\/2026\/04\/trem.jpg\"><br \/>     Trem bate em caminh\u00e3o na estrada do Tabo\u00e3o do Parate\u00ed, em Mogi<br \/>\nUm trem atingiu um caminh\u00e3o na estrada do Tabo\u00e3o do Parate\u00ed, em Mogi das Cruzes, na noite desta quarta-feira (8).<br \/>\n\u2705 Clique para seguir o canal do g1 Mogi das Cruzes e Suzano no WhatsApp<br \/>\nSegundo o Corpo de Bombeiros, o acidente aconteceu por volta das 19h.<br \/>\nAs imagens mostram a carreta se aproximando da linha f\u00e9rrea. Quando o ve\u00edculo vai cruzar os trilhos algumas pessoas tentam alerta o motorista. Logo depois, aparece a traseira do trem que bate na carroceria.<br \/>\nTrem bateu em caminh\u00e3o na estrada do Tabo\u00e3o do Parate\u00ed, em Mogi das Cruzes<br \/>\nReprodu\u00e7\u00e3o<br \/>\nAssista a mais not\u00edcias<\/div>\n","protected":false},"excerpt":{"rendered":"<p>Trem bate em caminh\u00e3o na estrada do Tabo\u00e3o do Parate\u00ed, em Mogi Um trem atingiu um caminh\u00e3o na estrada do Tabo\u00e3o do Parate\u00ed, em Mogi das Cruzes, na noite desta &#8230;<\/p>\n","protected":false},"author":3,"featured_media":2446,"comment_status":"closed","ping_status":"closed","sticky":false,"template":"","format":"standard","meta":{"footnotes":""},"categories":[18],"tags":[],"class_list":["post-2445","post","type-post","status-publish","format-standard","has-post-thumbnail","hentry","category-g1"],"_links":{"self":[{"href":"https:\/\/tvdiario.com.br\/comercial\/wp-json\/wp\/v2\/posts\/2445","targetHints":{"allow":["GET"]}}],"collection":[{"href":"https:\/\/tvdiario.com.br\/comercial\/wp-json\/wp\/v2\/posts"}],"about":[{"href":"https:\/\/tvdiario.com.br\/comercial\/wp-json\/wp\/v2\/types\/post"}],"author":[{"embeddable":true,"href":"https:\/\/tvdiario.com.br\/comercial\/wp-json\/wp\/v2\/users\/3"}],"replies":[{"embeddable":true,"href":"https:\/\/tvdiario.com.br\/comercial\/wp-json\/wp\/v2\/comments?post=2445"}],"version-history":[{"count":0,"href":"https:\/\/tvdiario.com.br\/comercial\/wp-json\/wp\/v2\/posts\/2445\/revisions"}],"wp:featuredmedia":[{"embeddable":true,"href":"https:\/\/tvdiario.com.br\/comercial\/wp-json\/wp\/v2\/media\/2446"}],"wp:attachment":[{"href":"https:\/\/tvdiario.com.br\/comercial\/wp-json\/wp\/v2\/media?parent=2445"}],"wp:term":[{"taxonomy":"category","embeddable":true,"href":"https:\/\/tvdiario.com.br\/comercial\/wp-json\/wp\/v2\/categories?post=2445"},{"taxonomy":"post_tag","embeddable":true,"href":"https:\/\/tvdiario.com.br\/comercial\/wp-json\/wp\/v2\/tags?post=2445"}],"curies":[{"name":"wp","href":"https:\/\/api.w.org\/{rel}","templated":true}]}}