{"id":2447,"date":"2026-04-09T18:13:10","date_gmt":"2026-04-09T21:13:10","guid":{"rendered":"https:\/\/tvdiario.com.br\/comercial\/policia-prende-suspeito-de-atrair-e-matar-homem-de-suzano-que-sumiu-apos-encontro-por-rede-social\/"},"modified":"2026-04-09T18:13:10","modified_gmt":"2026-04-09T21:13:10","slug":"policia-prende-suspeito-de-atrair-e-matar-homem-de-suzano-que-sumiu-apos-encontro-por-rede-social","status":"publish","type":"post","link":"https:\/\/tvdiario.com.br\/comercial\/policia-prende-suspeito-de-atrair-e-matar-homem-de-suzano-que-sumiu-apos-encontro-por-rede-social\/","title":{"rendered":"Pol\u00edcia prende suspeito de atrair e matar homem de Suzano que sumiu ap\u00f3s encontro por rede social"},"content":{"rendered":"<div><img decoding=\"async\" src=\"https:\/\/tvdiario.com.br\/comercial\/wp-content\/uploads\/2026\/04\/captura-de-tela-2026-04-03-193925-1.png\"><br \/>     Setor de homic\u00eddios de Mogi das Cruzes \u00e9 respons\u00e1vel pelo caso<br \/>\nReprodu\u00e7\u00e3o \/ Google Maps<br \/>\nUm homem foi preso suspeito de atrair e matar Rodrigo Jos\u00e9 Montagnini da Silva, morador de Suzano, na Grande S\u00e3o Paulo, que est\u00e1 desaparecido desde dezembro de 2025. Cleison Soares da Silva Nascimento estava foragido desde 24 de mar\u00e7o deste ano.<br \/>\nDe acordo com o delegado Rubens Jos\u00e9 Angelo, respons\u00e1vel pelo caso, a pol\u00edcia descobriu o esconderijo dele no bairro Pirituba, na Zona Norte de S\u00e3o Paulo, e conseguiu efetuar a pris\u00e3o.<br \/>\n\u2705 Clique para seguir o canal do g1 Mogi das Cruzes e Suzano no WhatsApp<br \/>\nRodrigo desapareceu cinco dias antes do Natal, depois de sair para um encontro com Cleison, um suposto namorado que conheceu em uma rede social.<br \/>\nA pol\u00edcia aponta que ele foi atra\u00eddo para o bairro Embur\u00e1, na Zona Sul de S\u00e3o Paulo, onde foi morto. A investiga\u00e7\u00e3o acredita que o corpo foi jogado em um rio ou na Lagoa Evangelista, uma \u00e1rea de mata fechada.<br \/>\nO Setor de Homic\u00eddios de Mogi das Cruzes rastreou o carro da v\u00edtima passando por um ped\u00e1gio em S\u00e3o Bernardo do Campo. O ve\u00edculo foi encontrado abandonado no bairro Pedreira, tamb\u00e9m na Zona Sul, perto de onde o suspeito esteve.<br \/>\nA mulher suspeita de participar na morte de Rodrigo foi presa em 1\u00b0 de abril. Taisse Oliveira Silvafoi flagrada por c\u00e2meras de seguran\u00e7a usando o cart\u00e3o de cr\u00e9dito da v\u00edtima em adegas, dias depois do desaparecimento.<br \/>\nMulher suspeita de homic\u00eddio \u00e9 presa em Suzano<br \/>\nAs investiga\u00e7\u00f5es continuam para encontrar o corpo de Rodrigo. O g1 tenta localizar a defesa dos dois suspeitos.<br \/>\nAssista a mais not\u00edcias sobre o Alto Tiet\u00ea<\/div>\n","protected":false},"excerpt":{"rendered":"<p>Setor de homic\u00eddios de Mogi das Cruzes \u00e9 respons\u00e1vel pelo caso Reprodu\u00e7\u00e3o \/ Google Maps Um homem foi preso suspeito de atrair e matar Rodrigo Jos\u00e9 Montagnini da Silva, morador &#8230;<\/p>\n","protected":false},"author":3,"featured_media":2448,"comment_status":"closed","ping_status":"closed","sticky":false,"template":"","format":"standard","meta":{"footnotes":""},"categories":[18],"tags":[],"class_list":["post-2447","post","type-post","status-publish","format-standard","has-post-thumbnail","hentry","category-g1"],"_links":{"self":[{"href":"https:\/\/tvdiario.com.br\/comercial\/wp-json\/wp\/v2\/posts\/2447","targetHints":{"allow":["GET"]}}],"collection":[{"href":"https:\/\/tvdiario.com.br\/comercial\/wp-json\/wp\/v2\/posts"}],"about":[{"href":"https:\/\/tvdiario.com.br\/comercial\/wp-json\/wp\/v2\/types\/post"}],"author":[{"embeddable":true,"href":"https:\/\/tvdiario.com.br\/comercial\/wp-json\/wp\/v2\/users\/3"}],"replies":[{"embeddable":true,"href":"https:\/\/tvdiario.com.br\/comercial\/wp-json\/wp\/v2\/comments?post=2447"}],"version-history":[{"count":0,"href":"https:\/\/tvdiario.com.br\/comercial\/wp-json\/wp\/v2\/posts\/2447\/revisions"}],"wp:featuredmedia":[{"embeddable":true,"href":"https:\/\/tvdiario.com.br\/comercial\/wp-json\/wp\/v2\/media\/2448"}],"wp:attachment":[{"href":"https:\/\/tvdiario.com.br\/comercial\/wp-json\/wp\/v2\/media?parent=2447"}],"wp:term":[{"taxonomy":"category","embeddable":true,"href":"https:\/\/tvdiario.com.br\/comercial\/wp-json\/wp\/v2\/categories?post=2447"},{"taxonomy":"post_tag","embeddable":true,"href":"https:\/\/tvdiario.com.br\/comercial\/wp-json\/wp\/v2\/tags?post=2447"}],"curies":[{"name":"wp","href":"https:\/\/api.w.org\/{rel}","templated":true}]}}