{"id":2449,"date":"2026-04-10T09:15:29","date_gmt":"2026-04-10T12:15:29","guid":{"rendered":"https:\/\/tvdiario.com.br\/comercial\/akimatsuri-2026-comeca-neste-sabado-em-mogi-das-cruzes-confira-programacao\/"},"modified":"2026-04-10T09:15:29","modified_gmt":"2026-04-10T12:15:29","slug":"akimatsuri-2026-comeca-neste-sabado-em-mogi-das-cruzes-confira-programacao","status":"publish","type":"post","link":"https:\/\/tvdiario.com.br\/comercial\/akimatsuri-2026-comeca-neste-sabado-em-mogi-das-cruzes-confira-programacao\/","title":{"rendered":"Akimatsuri 2026 come\u00e7a neste s\u00e1bado em Mogi das Cruzes; confira programa\u00e7\u00e3o"},"content":{"rendered":"<div><img decoding=\"async\" src=\"https:\/\/tvdiario.com.br\/comercial\/wp-content\/uploads\/2026\/04\/akimatsuri-56-.jpg\"><br \/>     Cerim\u00f4nia do Tooro Nagashi \u00e9 atra\u00e7\u00e3o de destaque no Festival Akimatsuri, em Mogi das Cruzes<br \/>\nAlberto Shizuo Kawahara\/Divulga\u00e7\u00e3o<br \/>\nO 39\u00ba Akimatsuri come\u00e7a neste s\u00e1bado (11), em Mogi das Cruzes, para celebrar a cultura japonesa. O festival \u00e9 organizado desde 1986 pelo Bunkyo de Mogi das Cruzes.<br \/>\n\u2705 Clique para seguir o canal do g1 Mogi das Cruzes e Suzano no WhatsApp<br \/>\nNeste ano, o festival informou que ter\u00e1 uma estrutura maior para receber o p\u00fablico. Segundo a organiza\u00e7\u00e3o, a amplia\u00e7\u00e3o busca oferecer mais conforto e melhorar a experi\u00eancia dos visitantes.<br \/>\nSegundo o Bunkyo, a \u00e1rea do evento ser\u00e1 25% maior do que a do ano passado.<br \/>\nO Akimatsuri ser\u00e1 realizado aos finais de semana e segue at\u00e9 o dia 19 de abril. Os visitantes v\u00e3o encontrar uma pra\u00e7a de alimenta\u00e7\u00e3o com pratos t\u00edpicos da culin\u00e1ria japonesa, atra\u00e7\u00f5es art\u00edsticas e shows.<br \/>\nUm dos destaques da programa\u00e7\u00e3o \u00e9 a cerim\u00f4nia do Tooro Nagashi, que ilumina o lago do espa\u00e7o do evento com lanternas flutuantes em homenagem aos antepassados. Neste ano, a cerim\u00f4nia ser\u00e1 realizada nos dois finais de semana.<br \/>\nExposi\u00e7\u00e3o<br \/>\nA organiza\u00e7\u00e3o confirmou a participa\u00e7\u00e3o de diversos expositores, distribu\u00eddos em diferentes setores do evento.<br \/>\nEntre eles, est\u00e3o 40 estandes de alimenta\u00e7\u00e3o, com pratos t\u00edpicos da culin\u00e1ria japonesa e outras op\u00e7\u00f5es gastron\u00f4micas. Tamb\u00e9m participam 44 expositores de bazar, com produtos ligados \u00e0 cultura oriental e ao artesanato.<br \/>\nA estrutura ter\u00e1 ainda 10 espa\u00e7os voltados ao setor de ve\u00edculos e dois ambulantes, o que amplia a diversidade de servi\u00e7os e atra\u00e7\u00f5es.<br \/>\nCultura japonesa<br \/>\nOutro destaque do festival \u00e9 a programa\u00e7\u00e3o do palco principal. O p\u00fablico poder\u00e1 assistir a apresenta\u00e7\u00f5es como dan\u00e7as t\u00edpicas, m\u00fasica, taiko e shows que celebram as tradi\u00e7\u00f5es japonesas.<br \/>\nOs visitantes tamb\u00e9m poder\u00e3o conhecer a Vila Cultural Japonesa, com atividades interativas e experi\u00eancias ligadas \u00e0 cultura japonesa.<br \/>\nConfira a programa\u00e7\u00e3o do evento<br \/>\nS\u00e1bado, 11 de abril<br \/>\nDomingo, 12 de abril<br \/>\nS\u00e1bado, 18 de abril<br \/>\nDomingo, 19 de abril<br \/>\nAssista a mais not\u00edcias<\/div>\n","protected":false},"excerpt":{"rendered":"<p>Cerim\u00f4nia do Tooro Nagashi \u00e9 atra\u00e7\u00e3o de destaque no Festival Akimatsuri, em Mogi das Cruzes Alberto Shizuo Kawahara\/Divulga\u00e7\u00e3o O 39\u00ba Akimatsuri come\u00e7a neste s\u00e1bado (11), em Mogi das Cruzes, para &#8230;<\/p>\n","protected":false},"author":3,"featured_media":2450,"comment_status":"closed","ping_status":"closed","sticky":false,"template":"","format":"standard","meta":{"footnotes":""},"categories":[18],"tags":[],"class_list":["post-2449","post","type-post","status-publish","format-standard","has-post-thumbnail","hentry","category-g1"],"_links":{"self":[{"href":"https:\/\/tvdiario.com.br\/comercial\/wp-json\/wp\/v2\/posts\/2449","targetHints":{"allow":["GET"]}}],"collection":[{"href":"https:\/\/tvdiario.com.br\/comercial\/wp-json\/wp\/v2\/posts"}],"about":[{"href":"https:\/\/tvdiario.com.br\/comercial\/wp-json\/wp\/v2\/types\/post"}],"author":[{"embeddable":true,"href":"https:\/\/tvdiario.com.br\/comercial\/wp-json\/wp\/v2\/users\/3"}],"replies":[{"embeddable":true,"href":"https:\/\/tvdiario.com.br\/comercial\/wp-json\/wp\/v2\/comments?post=2449"}],"version-history":[{"count":0,"href":"https:\/\/tvdiario.com.br\/comercial\/wp-json\/wp\/v2\/posts\/2449\/revisions"}],"wp:featuredmedia":[{"embeddable":true,"href":"https:\/\/tvdiario.com.br\/comercial\/wp-json\/wp\/v2\/media\/2450"}],"wp:attachment":[{"href":"https:\/\/tvdiario.com.br\/comercial\/wp-json\/wp\/v2\/media?parent=2449"}],"wp:term":[{"taxonomy":"category","embeddable":true,"href":"https:\/\/tvdiario.com.br\/comercial\/wp-json\/wp\/v2\/categories?post=2449"},{"taxonomy":"post_tag","embeddable":true,"href":"https:\/\/tvdiario.com.br\/comercial\/wp-json\/wp\/v2\/tags?post=2449"}],"curies":[{"name":"wp","href":"https:\/\/api.w.org\/{rel}","templated":true}]}}