{"id":2453,"date":"2026-04-10T15:13:35","date_gmt":"2026-04-10T18:13:35","guid":{"rendered":"https:\/\/tvdiario.com.br\/comercial\/deputado-estadual-oseias-de-madureira-passa-mal-em-poa-e-e-transferido-para-hospital-de-sp\/"},"modified":"2026-04-10T15:13:35","modified_gmt":"2026-04-10T18:13:35","slug":"deputado-estadual-oseias-de-madureira-passa-mal-em-poa-e-e-transferido-para-hospital-de-sp","status":"publish","type":"post","link":"https:\/\/tvdiario.com.br\/comercial\/deputado-estadual-oseias-de-madureira-passa-mal-em-poa-e-e-transferido-para-hospital-de-sp\/","title":{"rendered":"Deputado estadual Oseias de Madureira passa mal em Po\u00e1 e \u00e9 transferido para hospital de SP"},"content":{"rendered":"<div><img decoding=\"async\" src=\"https:\/\/tvdiario.com.br\/comercial\/wp-content\/uploads\/2026\/04\/fg311080.jpg\"><br \/>     Deputado estadual Oseias de Madureira tem mal s\u00fabito em Po\u00e1 e \u00e9 transferido para hospital de SP<br \/>\nRodrigo Romeo \/ Alesp<br \/>\nO deputado estadual Oseias de Madureira (PL) passou mal em Po\u00e1 e precisou ser transferido para um hospital de S\u00e3o Paulo.<br \/>\n\u2705 Clique para seguir o canal do g1 Mogi das Cruzes e Suzano no WhatsApp<br \/>\nDe acordo com a Prefeitura da cidade, ele estava a caminho de uma agenda com o prefeito Saulo Souza (PP) e passou mal ao chegar ao local do encontro.<br \/>\nEle foi encaminhado ao pronto atendimento do hospital municipal Doutor Guido Guida, onde recebeu os primeiros atendimentos. Em seguida, foi transferido para Hospital Israelita Albert Einstein, na capital do estado.<br \/>\nN\u00e3o havia informa\u00e7\u00f5es sobre o estado de sa\u00fade dele at\u00e9 a \u00faltima atualiza\u00e7\u00e3o desta reportagem.<br \/>\nVEJA MAIS<br \/>\nVeja os v\u00eddeos que est\u00e3o em alta no g1<br \/>\nAssista a mais not\u00edcias sobre o Alto Tiet\u00ea<\/div>\n","protected":false},"excerpt":{"rendered":"<p>Deputado estadual Oseias de Madureira tem mal s\u00fabito em Po\u00e1 e \u00e9 transferido para hospital de SP Rodrigo Romeo \/ Alesp O deputado estadual Oseias de Madureira (PL) passou mal &#8230;<\/p>\n","protected":false},"author":3,"featured_media":2454,"comment_status":"closed","ping_status":"closed","sticky":false,"template":"","format":"standard","meta":{"footnotes":""},"categories":[18],"tags":[],"class_list":["post-2453","post","type-post","status-publish","format-standard","has-post-thumbnail","hentry","category-g1"],"_links":{"self":[{"href":"https:\/\/tvdiario.com.br\/comercial\/wp-json\/wp\/v2\/posts\/2453","targetHints":{"allow":["GET"]}}],"collection":[{"href":"https:\/\/tvdiario.com.br\/comercial\/wp-json\/wp\/v2\/posts"}],"about":[{"href":"https:\/\/tvdiario.com.br\/comercial\/wp-json\/wp\/v2\/types\/post"}],"author":[{"embeddable":true,"href":"https:\/\/tvdiario.com.br\/comercial\/wp-json\/wp\/v2\/users\/3"}],"replies":[{"embeddable":true,"href":"https:\/\/tvdiario.com.br\/comercial\/wp-json\/wp\/v2\/comments?post=2453"}],"version-history":[{"count":0,"href":"https:\/\/tvdiario.com.br\/comercial\/wp-json\/wp\/v2\/posts\/2453\/revisions"}],"wp:featuredmedia":[{"embeddable":true,"href":"https:\/\/tvdiario.com.br\/comercial\/wp-json\/wp\/v2\/media\/2454"}],"wp:attachment":[{"href":"https:\/\/tvdiario.com.br\/comercial\/wp-json\/wp\/v2\/media?parent=2453"}],"wp:term":[{"taxonomy":"category","embeddable":true,"href":"https:\/\/tvdiario.com.br\/comercial\/wp-json\/wp\/v2\/categories?post=2453"},{"taxonomy":"post_tag","embeddable":true,"href":"https:\/\/tvdiario.com.br\/comercial\/wp-json\/wp\/v2\/tags?post=2453"}],"curies":[{"name":"wp","href":"https:\/\/api.w.org\/{rel}","templated":true}]}}