{"id":2455,"date":"2026-04-10T18:44:32","date_gmt":"2026-04-10T21:44:32","guid":{"rendered":"https:\/\/tvdiario.com.br\/comercial\/falha-em-trem-e-sinalizacao-causa-atrasos-na-linha-11-coral-da-cptm\/"},"modified":"2026-04-10T18:44:32","modified_gmt":"2026-04-10T21:44:32","slug":"falha-em-trem-e-sinalizacao-causa-atrasos-na-linha-11-coral-da-cptm","status":"publish","type":"post","link":"https:\/\/tvdiario.com.br\/comercial\/falha-em-trem-e-sinalizacao-causa-atrasos-na-linha-11-coral-da-cptm\/","title":{"rendered":"Falha em trem e sinaliza\u00e7\u00e3o causa atrasos na Linha 11-Coral da CPTM"},"content":{"rendered":"<div><img decoding=\"async\" src=\"https:\/\/tvdiario.com.br\/comercial\/wp-content\/uploads\/2026\/04\/estudantes-gladys.jpg\"><br \/>     Trens circularam com velocidade reduzida entre as esta\u00e7\u00f5es Estudantes e Suzano<br \/>\nGladys Peixoto\/g1<br \/>\nPassageiros do Alto Tiet\u00ea enfrentaram lentid\u00e3o na Linha 11-Coral da Companhia Paulista de Trens Metropolitanos (CPTM) desde a manh\u00e3 desta sexta-feira (10), ap\u00f3s falhas na opera\u00e7\u00e3o.<br \/>\nSegundo a CPTM, entre 10h05 e 11h27, uma falha de tra\u00e7\u00e3o em uma locomotiva afetou a circula\u00e7\u00e3o. Por causa do problema, os trens circularam em via \u00fanica entre as esta\u00e7\u00f5es Jundiapeba e Calmon Viana em Po\u00e1. Al\u00e9m disso, houve redu\u00e7\u00e3o de velocidade e maior tempo de parada entre Suzano e Estudantes.<br \/>\n\u2705 Clique para seguir o canal do g1 Mogi das Cruzes e Suzano no WhatsApp<br \/>\nPor volta das 12h, a CPTM informou que a locomotiva foi retirada de circula\u00e7\u00e3o para manuten\u00e7\u00e3o. No in\u00edcio da tarde, as linhas 11-Coral e 12-Safira estavam em processo de normaliza\u00e7\u00e3o.<br \/>\nEntre 13h50 e 14h40, uma falha de sinaliza\u00e7\u00e3o voltou a afetar a opera\u00e7\u00e3o. Os trens circularam com velocidade reduzida e maior tempo de parada nas plataformas. O trem do servi\u00e7o Expresso Aeroporto das 14h foi suspenso por causa do problema.<br \/>\nEquipes t\u00e9cnicas atuaram para normalizar a opera\u00e7\u00e3o. Em nota, a CPTM pediu desculpas aos passageiros pelos transtornos.<br \/>\nVeja mais<br \/>\nVeja os v\u00eddeos que est\u00e3o em alta no g1<br \/>\nAssista a mais not\u00edcias<\/div>\n","protected":false},"excerpt":{"rendered":"<p>Trens circularam com velocidade reduzida entre as esta\u00e7\u00f5es Estudantes e Suzano Gladys Peixoto\/g1 Passageiros do Alto Tiet\u00ea enfrentaram lentid\u00e3o na Linha 11-Coral da Companhia Paulista de Trens Metropolitanos (CPTM) desde &#8230;<\/p>\n","protected":false},"author":3,"featured_media":2456,"comment_status":"closed","ping_status":"closed","sticky":false,"template":"","format":"standard","meta":{"footnotes":""},"categories":[18],"tags":[],"class_list":["post-2455","post","type-post","status-publish","format-standard","has-post-thumbnail","hentry","category-g1"],"_links":{"self":[{"href":"https:\/\/tvdiario.com.br\/comercial\/wp-json\/wp\/v2\/posts\/2455","targetHints":{"allow":["GET"]}}],"collection":[{"href":"https:\/\/tvdiario.com.br\/comercial\/wp-json\/wp\/v2\/posts"}],"about":[{"href":"https:\/\/tvdiario.com.br\/comercial\/wp-json\/wp\/v2\/types\/post"}],"author":[{"embeddable":true,"href":"https:\/\/tvdiario.com.br\/comercial\/wp-json\/wp\/v2\/users\/3"}],"replies":[{"embeddable":true,"href":"https:\/\/tvdiario.com.br\/comercial\/wp-json\/wp\/v2\/comments?post=2455"}],"version-history":[{"count":0,"href":"https:\/\/tvdiario.com.br\/comercial\/wp-json\/wp\/v2\/posts\/2455\/revisions"}],"wp:featuredmedia":[{"embeddable":true,"href":"https:\/\/tvdiario.com.br\/comercial\/wp-json\/wp\/v2\/media\/2456"}],"wp:attachment":[{"href":"https:\/\/tvdiario.com.br\/comercial\/wp-json\/wp\/v2\/media?parent=2455"}],"wp:term":[{"taxonomy":"category","embeddable":true,"href":"https:\/\/tvdiario.com.br\/comercial\/wp-json\/wp\/v2\/categories?post=2455"},{"taxonomy":"post_tag","embeddable":true,"href":"https:\/\/tvdiario.com.br\/comercial\/wp-json\/wp\/v2\/tags?post=2455"}],"curies":[{"name":"wp","href":"https:\/\/api.w.org\/{rel}","templated":true}]}}