{"id":2457,"date":"2026-04-10T21:34:54","date_gmt":"2026-04-11T00:34:54","guid":{"rendered":"https:\/\/tvdiario.com.br\/comercial\/helicoptero-da-pm-sobrevoa-bairro-de-mogi-das-cruzes-o-que-se-sabe\/"},"modified":"2026-04-10T21:34:54","modified_gmt":"2026-04-11T00:34:54","slug":"helicoptero-da-pm-sobrevoa-bairro-de-mogi-das-cruzes-o-que-se-sabe","status":"publish","type":"post","link":"https:\/\/tvdiario.com.br\/comercial\/helicoptero-da-pm-sobrevoa-bairro-de-mogi-das-cruzes-o-que-se-sabe\/","title":{"rendered":"Helic\u00f3ptero da PM sobrevoa bairro de Mogi das Cruzes; o que se sabe"},"content":{"rendered":"<div><img decoding=\"async\" src=\"https:\/\/tvdiario.com.br\/comercial\/wp-content\/uploads\/2026\/04\/helicopte.jpg\"><br \/>     Helic\u00f3ptero da PM sobrevoa bairro de Mogi das Cruzes<br \/>\nO helic\u00f3ptero \u00c1guia, da Pol\u00edcia Militar, sobrevoou o bairro Alto do Ipiranga, em Mogi das Cruzes, na noite desta sexta-feira (10), chamando a aten\u00e7\u00e3o de moradores.<br \/>\n\u2705 Clique para seguir o canal do g1 Mogi das Cruzes e Suzano no WhatsApp<br \/>\nSegundo informa\u00e7\u00f5es iniciais da PM, a presen\u00e7a da aeronave est\u00e1 relacionada a uma opera\u00e7\u00e3o de busca por suspeitos de um furto a uma casa na Rua Jardelina de Almeida Lopes.<br \/>\nAinda de acordo com os relatos preliminares, um homem teria sido preso e um segundo suspeito teria fugido para uma \u00e1rea de mata pr\u00f3xima, o que motivou o apoio a\u00e9reo nas buscas.<br \/>\nA ocorr\u00eancia segue em andamento. O g1 acompanha o caso e aguarda mais informa\u00e7\u00f5es da Secretaria de Seguran\u00e7a P\u00fablica.<br \/>\nEsta reportagem est\u00e1 em atualiza\u00e7\u00e3o.<br \/>\nHelicoptero sobrevoou a regi\u00e3o do Alto do Ipiranga<br \/>\nReprodu\u00e7\u00e3o \/ Ivo Filho<br \/>\nAssista a mais not\u00edcias sobre o Alto Tiet\u00ea<\/div>\n","protected":false},"excerpt":{"rendered":"<p>Helic\u00f3ptero da PM sobrevoa bairro de Mogi das Cruzes O helic\u00f3ptero \u00c1guia, da Pol\u00edcia Militar, sobrevoou o bairro Alto do Ipiranga, em Mogi das Cruzes, na noite desta sexta-feira (10), &#8230;<\/p>\n","protected":false},"author":3,"featured_media":2458,"comment_status":"closed","ping_status":"closed","sticky":false,"template":"","format":"standard","meta":{"footnotes":""},"categories":[18],"tags":[],"class_list":["post-2457","post","type-post","status-publish","format-standard","has-post-thumbnail","hentry","category-g1"],"_links":{"self":[{"href":"https:\/\/tvdiario.com.br\/comercial\/wp-json\/wp\/v2\/posts\/2457","targetHints":{"allow":["GET"]}}],"collection":[{"href":"https:\/\/tvdiario.com.br\/comercial\/wp-json\/wp\/v2\/posts"}],"about":[{"href":"https:\/\/tvdiario.com.br\/comercial\/wp-json\/wp\/v2\/types\/post"}],"author":[{"embeddable":true,"href":"https:\/\/tvdiario.com.br\/comercial\/wp-json\/wp\/v2\/users\/3"}],"replies":[{"embeddable":true,"href":"https:\/\/tvdiario.com.br\/comercial\/wp-json\/wp\/v2\/comments?post=2457"}],"version-history":[{"count":0,"href":"https:\/\/tvdiario.com.br\/comercial\/wp-json\/wp\/v2\/posts\/2457\/revisions"}],"wp:featuredmedia":[{"embeddable":true,"href":"https:\/\/tvdiario.com.br\/comercial\/wp-json\/wp\/v2\/media\/2458"}],"wp:attachment":[{"href":"https:\/\/tvdiario.com.br\/comercial\/wp-json\/wp\/v2\/media?parent=2457"}],"wp:term":[{"taxonomy":"category","embeddable":true,"href":"https:\/\/tvdiario.com.br\/comercial\/wp-json\/wp\/v2\/categories?post=2457"},{"taxonomy":"post_tag","embeddable":true,"href":"https:\/\/tvdiario.com.br\/comercial\/wp-json\/wp\/v2\/tags?post=2457"}],"curies":[{"name":"wp","href":"https:\/\/api.w.org\/{rel}","templated":true}]}}