{"id":2459,"date":"2026-04-11T09:14:15","date_gmt":"2026-04-11T12:14:15","guid":{"rendered":"https:\/\/tvdiario.com.br\/comercial\/festa-do-divino-de-mogi-das-cruzes-faz-ultima-coroa-e-anuncia-homenageada-do-cartaz\/"},"modified":"2026-04-11T09:14:15","modified_gmt":"2026-04-11T12:14:15","slug":"festa-do-divino-de-mogi-das-cruzes-faz-ultima-coroa-e-anuncia-homenageada-do-cartaz","status":"publish","type":"post","link":"https:\/\/tvdiario.com.br\/comercial\/festa-do-divino-de-mogi-das-cruzes-faz-ultima-coroa-e-anuncia-homenageada-do-cartaz\/","title":{"rendered":"Festa do Divino de Mogi das Cruzes faz \u00faltima Coroa e anuncia homenageada do cartaz"},"content":{"rendered":"<div><img decoding=\"async\" src=\"https:\/\/tvdiario.com.br\/comercial\/wp-content\/uploads\/2026\/04\/bingodivino-nataliaamschinger.jpg\"><br \/>     \u00daltima Coroa da Festa do Divino e ch\u00e1 bingo acontecem neste s\u00e1bado em Mogi das Cruzes<br \/>\nNat\u00e1lia Amschinger\/Divulga\u00e7\u00e3o<br \/>\nA Festa do Divino Esp\u00edrito Santo de Mogi das Cruzes realiza neste s\u00e1bado (11) a 9\u00aa e \u00faltima Coroa do Divino. A cerim\u00f4nia encerra os encontros iniciados em agosto de 2025 e marca a reta final para a 413\u00aa edi\u00e7\u00e3o do evento.<br \/>\nNeste ano, a festa tem como tema \u201cDivino Esp\u00edrito Santo, fazei de n\u00f3s mensageiros da vossa Paz\u201d e ser\u00e1 realizada entre os dias 14 e 24 de maio de 2026, em Mogi das Cruzes.<br \/>\nOs festeiros s\u00e3o Ricardo Medina Alvarez e Maria de Lourdes Pereira da Silva Medina. Os capit\u00e3es-de- mastro s\u00e3o Maur\u00edcio de Lima Ramos e Tavane Prado Rodrigues Ramos.<br \/>\n\u2705 Clique para seguir o canal do g1 Mogi das Cruzes e Suzano no WhatsApp<br \/>\nAl\u00e9m das ora\u00e7\u00f5es e do tradicional ch\u00e1 bingo, o encontro ter\u00e1 a apresenta\u00e7\u00e3o da homenageada que estampar\u00e1 o cartaz oficial da festa. Tradicionalmente, o an\u00fancio \u00e9 feito durante o evento, mas neste ano a revela\u00e7\u00e3o ser\u00e1 antecipada.<br \/>\nO an\u00fancio ser\u00e1 feito ap\u00f3s a Coroa do Divino, que come\u00e7a \u00e0s 15h, na Associa\u00e7\u00e3o Pr\u00f3-Festa do Divino, no Mogilar.<br \/>\n\u201cAchamos por bem anunciar, agora, para compartilhar esse reconhecimento com os devotos que nos acompanharam nestas nove coroas e assim entrarmos ainda mais no clima da Festa do Divino, que se aproxima. A ideia da homenagem \u00e9 valorizar ainda mais a hist\u00f3ria e as pessoas que mant\u00eam viva a tradi\u00e7\u00e3o do Divino em Mogi das Cruzes.\u201d, destaca o festeiro.<br \/>\nAp\u00f3s o an\u00fancio, come\u00e7a o ch\u00e1 bingo. Os convites individuais custam R$ 12 e ser\u00e3o vendidos na entrada. Tamb\u00e9m haver\u00e1 combo com seis cartelas por R$ 15, al\u00e9m de op\u00e7\u00f5es avulsas.<br \/>\nA \u00faltima rodada ter\u00e1 quatro pr\u00eamios especiais. Na primeira quina, o vencedor leva uma air fryer. Na segunda, uma smart TV de 32 polegadas. Na cartela cheia, o pr\u00eamio \u00e9 de R$ 1,2 mil. Tamb\u00e9m haver\u00e1 sorteio entre os participantes das nove coroas, com pr\u00eamio de uma cafeteira Dolce Gusto.<br \/>\nA Associa\u00e7\u00e3o Pr\u00f3-Festa do Divino fica na Avenida Francisco Rodrigues Filho, 1.232, no Mogilar. Mais informa\u00e7\u00f5es podem ser obtidas pelo telefone 4790-6835.<\/div>\n","protected":false},"excerpt":{"rendered":"<p>\u00daltima Coroa da Festa do Divino e ch\u00e1 bingo acontecem neste s\u00e1bado em Mogi das Cruzes Nat\u00e1lia Amschinger\/Divulga\u00e7\u00e3o A Festa do Divino Esp\u00edrito Santo de Mogi das Cruzes realiza neste &#8230;<\/p>\n","protected":false},"author":3,"featured_media":2460,"comment_status":"closed","ping_status":"closed","sticky":false,"template":"","format":"standard","meta":{"footnotes":""},"categories":[18],"tags":[],"class_list":["post-2459","post","type-post","status-publish","format-standard","has-post-thumbnail","hentry","category-g1"],"_links":{"self":[{"href":"https:\/\/tvdiario.com.br\/comercial\/wp-json\/wp\/v2\/posts\/2459","targetHints":{"allow":["GET"]}}],"collection":[{"href":"https:\/\/tvdiario.com.br\/comercial\/wp-json\/wp\/v2\/posts"}],"about":[{"href":"https:\/\/tvdiario.com.br\/comercial\/wp-json\/wp\/v2\/types\/post"}],"author":[{"embeddable":true,"href":"https:\/\/tvdiario.com.br\/comercial\/wp-json\/wp\/v2\/users\/3"}],"replies":[{"embeddable":true,"href":"https:\/\/tvdiario.com.br\/comercial\/wp-json\/wp\/v2\/comments?post=2459"}],"version-history":[{"count":0,"href":"https:\/\/tvdiario.com.br\/comercial\/wp-json\/wp\/v2\/posts\/2459\/revisions"}],"wp:featuredmedia":[{"embeddable":true,"href":"https:\/\/tvdiario.com.br\/comercial\/wp-json\/wp\/v2\/media\/2460"}],"wp:attachment":[{"href":"https:\/\/tvdiario.com.br\/comercial\/wp-json\/wp\/v2\/media?parent=2459"}],"wp:term":[{"taxonomy":"category","embeddable":true,"href":"https:\/\/tvdiario.com.br\/comercial\/wp-json\/wp\/v2\/categories?post=2459"},{"taxonomy":"post_tag","embeddable":true,"href":"https:\/\/tvdiario.com.br\/comercial\/wp-json\/wp\/v2\/tags?post=2459"}],"curies":[{"name":"wp","href":"https:\/\/api.w.org\/{rel}","templated":true}]}}