{"id":2461,"date":"2026-04-11T12:31:31","date_gmt":"2026-04-11T15:31:31","guid":{"rendered":"https:\/\/tvdiario.com.br\/comercial\/alto-tiete-tem-mais-de-85-mil-eleitores-com-titulo-irregular-veja-prazo\/"},"modified":"2026-04-11T12:31:31","modified_gmt":"2026-04-11T15:31:31","slug":"alto-tiete-tem-mais-de-85-mil-eleitores-com-titulo-irregular-veja-prazo","status":"publish","type":"post","link":"https:\/\/tvdiario.com.br\/comercial\/alto-tiete-tem-mais-de-85-mil-eleitores-com-titulo-irregular-veja-prazo\/","title":{"rendered":"Alto Tiet\u00ea tem mais de 85 mil eleitores com t\u00edtulo irregular; veja prazo"},"content":{"rendered":"<div><img decoding=\"async\" src=\"https:\/\/tvdiario.com.br\/comercial\/wp-content\/uploads\/2026\/04\/agenciabrasil270912-mca2323.jpg\"><br \/>     Prazo para regularizar o t\u00edtulo de eleitor vai at\u00e9 maio de 2026<br \/>\nMarcello Casal Jr \/ ABr<br \/>\nMais de 85 mil eleitores do Alto Tiet\u00ea est\u00e3o com o t\u00edtulo irregular, segundo dados de abril do Tribunal Regional Eleitoral de S\u00e3o Paulo (TRE-SP). O n\u00famero representa 7,2% do eleitorado da regi\u00e3o.<br \/>\nO prazo para regularizar a situa\u00e7\u00e3o vai at\u00e9 6 de maio de 2026. Ap\u00f3s essa data, os servi\u00e7os da Justi\u00e7a Eleitoral ficam suspensos at\u00e9 o fim das elei\u00e7\u00f5es.<br \/>\n\u2705 Clique para seguir o canal do g1 Mogi das Cruzes e Suzano no WhatsApp<br \/>\nDo total, 64.778 t\u00edtulos foram cancelados por aus\u00eancia nas \u00faltimas tr\u00eas elei\u00e7\u00f5es. Outros 22.066 pertencem a eleitores que n\u00e3o compareceram \u00e0 revis\u00e3o obrigat\u00f3ria quando convocados.<br \/>\nEntre as cidades, Mogi das Cruzes tem o maior n\u00famero de eleitores irregulares, com mais de 19 mil t\u00edtulos pendentes. Na sequ\u00eancia aparecem Itaquaquecetuba, Suzano, Ferraz de Vasconcelos e Po\u00e1.<br \/>\nO n\u00famero de t\u00edtulos irregulares caiu 4,4% entre novembro de 2025, quando havia 90 mil pend\u00eancias, e abril de 2026.<br \/>\nSegundo o TRE-SP, o Alto Tiet\u00ea tem cerca de 1,2 milh\u00e3o de eleitores, o equivalente a 3,59% do total do estado de S\u00e3o Paulo.<br \/>\nEm 2026, os brasileiros v\u00e3o eleger presidente, governadores, senadores e deputados. O primeiro turno ser\u00e1 em 4 de outubro e, se necess\u00e1rio, o segundo turno ocorrer\u00e1 em 25 de outubro.<br \/>\nVEJA MAIS<br \/>\nVeja os v\u00eddeos que est\u00e3o em alta no g1<br \/>\nComo regularizar<br \/>\nEleitores com pend\u00eancias devem solicitar a regulariza\u00e7\u00e3o no cart\u00f3rio eleitoral mais pr\u00f3ximo ou pela internet, no site do Tribunal Regional Eleitoral.<br \/>\nNo Alto Tiet\u00ea, h\u00e1 atendimento presencial em Aruj\u00e1, Ferraz de Vasconcelos, Mogi das Cruzes, Po\u00e1, Santa Isabel e Suzano. Moradores de Biritiba-Mirim, Guararema e Sales\u00f3polis devem procurar cart\u00f3rios de outras cidades. (confira os endere\u00e7os abaixo).<br \/>\nQuando o t\u00edtulo est\u00e1 cancelado, a regulariza\u00e7\u00e3o \u00e9 feita mediante o pagamento das multas emitidas por aus\u00eancia nas elei\u00e7\u00f5es ou falta de justificativa. Cada turno ausente gera uma multa de R$ 3,51.<br \/>\nO TRE-SP orienta que, nos meses pr\u00f3ximos ao fechamento do cadastro, principalmente entre abril e maio, o atendimento ao eleitor costuma ficar sobrecarregado. Por isso, recomenda-se buscar os servi\u00e7os o quanto antes para evitar filas e garantir mais prazo para resolver pend\u00eancias.<br \/>\nPara consultar a situa\u00e7\u00e3o do t\u00edtulo, basta acessar a p\u00e1gina de autoatendimento eleitoral ou utilizar o aplicativo e-T\u00edtulo.<br \/>\nO que acontece se n\u00e3o regularizar?<br \/>\nEleitores com irregularidades tem dificuldade para tirar documentos como passaporte e carteira de identidade<br \/>\nUnsplash\/Global Residence Index<br \/>\nOs eleitores que n\u00e3o regularizem os t\u00edtulos ter\u00e3o dificuldades com outros documentos e diversos servi\u00e7os p\u00fablicos do cotidiano. Eles n\u00e3o poder\u00e3o, por exemplo:<br \/>\ntirar carteira de identidade;<br \/>\ntirar passaporte. A proibi\u00e7\u00e3o n\u00e3o se aplica ao brasileiro que mora no exterior e precisa do documento para voltar ao pa\u00eds;<br \/>\ningressar em universidade p\u00fablica ou renovar matr\u00edcula em institui\u00e7\u00e3o de ensino superior;<br \/>\nassumir cargos comissionados ou efetivos (por aprova\u00e7\u00e3o em concurso p\u00fablico);<br \/>\nobter empr\u00e9stimo em institui\u00e7\u00f5es p\u00fablicas.<br \/>\nDe acordo com a legisla\u00e7\u00e3o brasileira, tem o t\u00edtulo cancelado quem n\u00e3o vota em tr\u00eas elei\u00e7\u00f5es consecutivas, n\u00e3o paga a multa pela aus\u00eancia ou n\u00e3o justifica.<br \/>\nConfira os endere\u00e7os dos cart\u00f3rios eleitorais do Alto Tiet\u00ea<br \/>\nO atendimento ao p\u00fablico nos cart\u00f3rios \u00e9 feito de segunda a sexta, das 11h \u00e0s 17h. \u00c9 necess\u00e1rio fazer agendamento pr\u00e9vio pelo site do Tribunal antes de ir ao cart\u00f3rio. A eleitora ou o eleitor que comparecer a uma das unidades dever\u00e1 apresentar, obrigatoriamente, documento oficial com foto.<br \/>\nClique aqui para agendar um atendimento presencial;<br \/>\nAruj\u00e1<br \/>\n335\u00aa Zona Eleitoral<br \/>\n\ud83d\udea9 Endere\u00e7o: rua Albino Rodrigues Neves, 301, Center Ville<br \/>\nFerraz de Vasconcelos<br \/>\n401\u00aa Zona Eleitoral<br \/>\n\ud83d\udea9 Endere\u00e7o: rua Ant\u00f4nio Trevisane, 93, Centro<br \/>\nItaquaquecetuba<br \/>\n377\u00aa e 419\u00aa Zona Eleitoral<br \/>\n\ud83d\udea9 Endere\u00e7o: avenida Jo\u00e3o Barbosa de Moraes, 374, Vila Zeferina<br \/>\nMogi das Cruzes<br \/>\n74\u00aa, 287\u00aa e 319\u00aa Zona Eleitoral<br \/>\n\ud83d\udea9 Endere\u00e7o: rua Professor Flaviano de Melo, 381, Centro<br \/>\nPo\u00e1<br \/>\n219\u00aa Zona Eleitoral<br \/>\n\ud83d\udea9 Endere\u00e7o: rua Marina La Regina, 167, T\u00e9rreo, Centro<br \/>\nSanta Isabel<br \/>\n115\u00aa Zona Eleitoral<br \/>\n\ud83d\udea9 Endere\u00e7o: avenida Manoel Ferraz de Campos Salles, 20, Centro<br \/>\nSuzano<br \/>\n181\u00aa e 415\u00aa Zona Eleitoral<br \/>\n\ud83d\udea9 Endere\u00e7o: avenida Paulo Portela, Jardim Paulista<br \/>\nAssista a mais not\u00edcias sobre o Alto Tiet\u00ea<\/div>\n","protected":false},"excerpt":{"rendered":"<p>Prazo para regularizar o t\u00edtulo de eleitor vai at\u00e9 maio de 2026 Marcello Casal Jr \/ ABr Mais de 85 mil eleitores do Alto Tiet\u00ea est\u00e3o com o t\u00edtulo irregular, &#8230;<\/p>\n","protected":false},"author":3,"featured_media":2462,"comment_status":"closed","ping_status":"closed","sticky":false,"template":"","format":"standard","meta":{"footnotes":""},"categories":[18],"tags":[],"class_list":["post-2461","post","type-post","status-publish","format-standard","has-post-thumbnail","hentry","category-g1"],"_links":{"self":[{"href":"https:\/\/tvdiario.com.br\/comercial\/wp-json\/wp\/v2\/posts\/2461","targetHints":{"allow":["GET"]}}],"collection":[{"href":"https:\/\/tvdiario.com.br\/comercial\/wp-json\/wp\/v2\/posts"}],"about":[{"href":"https:\/\/tvdiario.com.br\/comercial\/wp-json\/wp\/v2\/types\/post"}],"author":[{"embeddable":true,"href":"https:\/\/tvdiario.com.br\/comercial\/wp-json\/wp\/v2\/users\/3"}],"replies":[{"embeddable":true,"href":"https:\/\/tvdiario.com.br\/comercial\/wp-json\/wp\/v2\/comments?post=2461"}],"version-history":[{"count":0,"href":"https:\/\/tvdiario.com.br\/comercial\/wp-json\/wp\/v2\/posts\/2461\/revisions"}],"wp:featuredmedia":[{"embeddable":true,"href":"https:\/\/tvdiario.com.br\/comercial\/wp-json\/wp\/v2\/media\/2462"}],"wp:attachment":[{"href":"https:\/\/tvdiario.com.br\/comercial\/wp-json\/wp\/v2\/media?parent=2461"}],"wp:term":[{"taxonomy":"category","embeddable":true,"href":"https:\/\/tvdiario.com.br\/comercial\/wp-json\/wp\/v2\/categories?post=2461"},{"taxonomy":"post_tag","embeddable":true,"href":"https:\/\/tvdiario.com.br\/comercial\/wp-json\/wp\/v2\/tags?post=2461"}],"curies":[{"name":"wp","href":"https:\/\/api.w.org\/{rel}","templated":true}]}}