{"id":2465,"date":"2026-04-11T21:01:04","date_gmt":"2026-04-12T00:01:04","guid":{"rendered":"https:\/\/tvdiario.com.br\/comercial\/mulher-e-encontrada-decapitada-em-mogi-das-cruzes\/"},"modified":"2026-04-11T21:01:04","modified_gmt":"2026-04-12T00:01:04","slug":"mulher-e-encontrada-decapitada-em-mogi-das-cruzes","status":"publish","type":"post","link":"https:\/\/tvdiario.com.br\/comercial\/mulher-e-encontrada-decapitada-em-mogi-das-cruzes\/","title":{"rendered":"Mulher \u00e9 encontrada decapitada em Mogi das Cruzes"},"content":{"rendered":"<div><img decoding=\"async\" src=\"https:\/\/tvdiario.com.br\/comercial\/wp-content\/uploads\/2026\/04\/captura-de-tela-2026-04-11-191919.png\"><br \/>     Delegacia de cesar de sousa \/ DP Cesar \/ Mogi das Cruzes<br \/>\nReprodu\u00e7\u00e3o \/ Google Maps<br \/>\nUma mulher foi encontrada decapitada em casa na tarde deste s\u00e1bado (11), em Mogi das Cruzes. O caso aconteceu por volta das 14h40, na Rua Monte Carmelo, no Parque Morumbi.<br \/>\n\u2705 Clique para seguir o canal do g1 Mogi das Cruzes e Suzano no WhatsApp<br \/>\nDe acordo com as informa\u00e7\u00f5es iniciais da Pol\u00edcia Militar, a filha da v\u00edtima acionou a corpora\u00e7\u00e3o ap\u00f3s encontrar a m\u00e3e decapitada na \u00e1rea externa da pr\u00f3pria resid\u00eancia.<br \/>\nA prefeitura da cidade informou que o Servi\u00e7o de Atendimento M\u00f3vel de Urg\u00eancia (Samu) tamb\u00e9m foi acionado para a ocorr\u00eancia e, ao chegar ao local, a equipe constatou o \u00f3bito da v\u00edtima. Em seguida, os agentes do Samu acionaram a Pol\u00edcia Militar.<br \/>\nAinda segundo relatos preliminares do 17\u00b0 Batalh\u00e3o da PM, equipes policiais est\u00e3o no local e aguardam a chegada da per\u00edcia para esclarecer as circunst\u00e2ncias da morte.<br \/>\nA ocorr\u00eancia segue em andamento. Esta reportagem est\u00e1 em atualiza\u00e7\u00e3o.<br \/>\nVEJA MAIS<br \/>\nVeja os v\u00eddeos que est\u00e3o em alta no g1<br \/>\nAssista a mais not\u00edcias sobre o Alto Tiet\u00ea<\/div>\n","protected":false},"excerpt":{"rendered":"<p>Delegacia de cesar de sousa \/ DP Cesar \/ Mogi das Cruzes Reprodu\u00e7\u00e3o \/ Google Maps Uma mulher foi encontrada decapitada em casa na tarde deste s\u00e1bado (11), em Mogi &#8230;<\/p>\n","protected":false},"author":3,"featured_media":2466,"comment_status":"closed","ping_status":"closed","sticky":false,"template":"","format":"standard","meta":{"footnotes":""},"categories":[18],"tags":[],"class_list":["post-2465","post","type-post","status-publish","format-standard","has-post-thumbnail","hentry","category-g1"],"_links":{"self":[{"href":"https:\/\/tvdiario.com.br\/comercial\/wp-json\/wp\/v2\/posts\/2465","targetHints":{"allow":["GET"]}}],"collection":[{"href":"https:\/\/tvdiario.com.br\/comercial\/wp-json\/wp\/v2\/posts"}],"about":[{"href":"https:\/\/tvdiario.com.br\/comercial\/wp-json\/wp\/v2\/types\/post"}],"author":[{"embeddable":true,"href":"https:\/\/tvdiario.com.br\/comercial\/wp-json\/wp\/v2\/users\/3"}],"replies":[{"embeddable":true,"href":"https:\/\/tvdiario.com.br\/comercial\/wp-json\/wp\/v2\/comments?post=2465"}],"version-history":[{"count":0,"href":"https:\/\/tvdiario.com.br\/comercial\/wp-json\/wp\/v2\/posts\/2465\/revisions"}],"wp:featuredmedia":[{"embeddable":true,"href":"https:\/\/tvdiario.com.br\/comercial\/wp-json\/wp\/v2\/media\/2466"}],"wp:attachment":[{"href":"https:\/\/tvdiario.com.br\/comercial\/wp-json\/wp\/v2\/media?parent=2465"}],"wp:term":[{"taxonomy":"category","embeddable":true,"href":"https:\/\/tvdiario.com.br\/comercial\/wp-json\/wp\/v2\/categories?post=2465"},{"taxonomy":"post_tag","embeddable":true,"href":"https:\/\/tvdiario.com.br\/comercial\/wp-json\/wp\/v2\/tags?post=2465"}],"curies":[{"name":"wp","href":"https:\/\/api.w.org\/{rel}","templated":true}]}}