{"id":2467,"date":"2026-04-12T15:00:06","date_gmt":"2026-04-12T18:00:06","guid":{"rendered":"https:\/\/tvdiario.com.br\/comercial\/mutirao-de-empregos-em-mogi-oferece-vagas-com-salarios-de-ate-r-31-mil\/"},"modified":"2026-04-12T15:00:06","modified_gmt":"2026-04-12T18:00:06","slug":"mutirao-de-empregos-em-mogi-oferece-vagas-com-salarios-de-ate-r-31-mil","status":"publish","type":"post","link":"https:\/\/tvdiario.com.br\/comercial\/mutirao-de-empregos-em-mogi-oferece-vagas-com-salarios-de-ate-r-31-mil\/","title":{"rendered":"Mutir\u00e3o de empregos em Mogi oferece vagas com sal\u00e1rios de at\u00e9 R$ 3,1 mil"},"content":{"rendered":"<div><img decoding=\"async\" src=\"https:\/\/tvdiario.com.br\/comercial\/wp-content\/uploads\/2026\/04\/carteira-trabalho.jpg\"><br \/>     Mutir\u00e3o de empregos tem mais de 200 vagas em Mogi das Cruzes<br \/>\nDivulga\u00e7\u00e3o\/Prefeitura de Aparecida de Goi\u00e2nia\/Rodrigo Estrela<br \/>\nUm mutir\u00e3o de empregos oferece mais de 200 vagas nesta segunda-feira (13), das 9h \u00e0s 13h, em Mogi das Cruzes. Os participantes ter\u00e3o apoio da equipe de Empregabilidade durante o atendimento.<br \/>\nO evento \u00e9 organizado pela Prefeitura de Mogi das Cruzes, por meio da Secretaria Municipal de Desenvolvimento Econ\u00f4mico e Trabalho, e tem o objetivo de ampliar o acesso da popula\u00e7\u00e3o \u00e0s oportunidades de emprego dispon\u00edveis no munic\u00edpio.<br \/>\n\u2705 Clique para seguir o canal do g1 Mogi das Cruzes e Suzano no WhatsApp<br \/>\nAs vagas s\u00e3o para os setores da constru\u00e7\u00e3o civil, servi\u00e7os, atendimento, com\u00e9rcio e ind\u00fastria, al\u00e9m de oportunidades para Jovem Aprendiz. Os sal\u00e1rios variam de R$ 900 a R$ 3,1 mil, com op\u00e7\u00f5es para diferentes n\u00edveis de escolaridade (veja tabela completa abaixo).<br \/>\nPara participar, os interessados devem ir ao Pr\u00e9dio II da Prefeitura, com RG, CPF e curr\u00edculo atualizado.<br \/>\nVeja os v\u00eddeos que est\u00e3o em alta no g1<br \/>\nConfira a as vaga dispon\u00edveis<br \/>\nVagas dispon\u00edveis em Mogi das Cruzes<br \/>\nO Pr\u00e9dio II da Prefeitura fica na Rua Francisco Franco, 133, no Centro. Mais informa\u00e7\u00f5es pelo telefone (11) 97422-4273.<\/p>\n<p>Assista a mais not\u00edcias sobre o Alto Tiet\u00ea<\/p><\/div>\n","protected":false},"excerpt":{"rendered":"<p>Mutir\u00e3o de empregos tem mais de 200 vagas em Mogi das Cruzes Divulga\u00e7\u00e3o\/Prefeitura de Aparecida de Goi\u00e2nia\/Rodrigo Estrela Um mutir\u00e3o de empregos oferece mais de 200 vagas nesta segunda-feira (13), &#8230;<\/p>\n","protected":false},"author":3,"featured_media":2468,"comment_status":"closed","ping_status":"closed","sticky":false,"template":"","format":"standard","meta":{"footnotes":""},"categories":[18],"tags":[],"class_list":["post-2467","post","type-post","status-publish","format-standard","has-post-thumbnail","hentry","category-g1"],"_links":{"self":[{"href":"https:\/\/tvdiario.com.br\/comercial\/wp-json\/wp\/v2\/posts\/2467","targetHints":{"allow":["GET"]}}],"collection":[{"href":"https:\/\/tvdiario.com.br\/comercial\/wp-json\/wp\/v2\/posts"}],"about":[{"href":"https:\/\/tvdiario.com.br\/comercial\/wp-json\/wp\/v2\/types\/post"}],"author":[{"embeddable":true,"href":"https:\/\/tvdiario.com.br\/comercial\/wp-json\/wp\/v2\/users\/3"}],"replies":[{"embeddable":true,"href":"https:\/\/tvdiario.com.br\/comercial\/wp-json\/wp\/v2\/comments?post=2467"}],"version-history":[{"count":0,"href":"https:\/\/tvdiario.com.br\/comercial\/wp-json\/wp\/v2\/posts\/2467\/revisions"}],"wp:featuredmedia":[{"embeddable":true,"href":"https:\/\/tvdiario.com.br\/comercial\/wp-json\/wp\/v2\/media\/2468"}],"wp:attachment":[{"href":"https:\/\/tvdiario.com.br\/comercial\/wp-json\/wp\/v2\/media?parent=2467"}],"wp:term":[{"taxonomy":"category","embeddable":true,"href":"https:\/\/tvdiario.com.br\/comercial\/wp-json\/wp\/v2\/categories?post=2467"},{"taxonomy":"post_tag","embeddable":true,"href":"https:\/\/tvdiario.com.br\/comercial\/wp-json\/wp\/v2\/tags?post=2467"}],"curies":[{"name":"wp","href":"https:\/\/api.w.org\/{rel}","templated":true}]}}