{"id":2469,"date":"2026-04-12T18:08:06","date_gmt":"2026-04-12T21:08:06","guid":{"rendered":"https:\/\/tvdiario.com.br\/comercial\/desvio-em-rotatoria-muda-transito-em-cesar-de-sousa-veja-como-fica\/"},"modified":"2026-04-12T18:08:06","modified_gmt":"2026-04-12T21:08:06","slug":"desvio-em-rotatoria-muda-transito-em-cesar-de-sousa-veja-como-fica","status":"publish","type":"post","link":"https:\/\/tvdiario.com.br\/comercial\/desvio-em-rotatoria-muda-transito-em-cesar-de-sousa-veja-como-fica\/","title":{"rendered":"Desvio em rotat\u00f3ria muda tr\u00e2nsito em C\u00e9sar de Sousa; veja como fica"},"content":{"rendered":"<div><img decoding=\"async\" src=\"https:\/\/s2-g1.glbimg.com\/t0l9neFHtTKyZHZ1KGa7iWtVRw8=\/i.s3.glbimg.com\/v1\/AUTH_59edd422c0c84a879bd37670ae4f538a\/internal_photos\/bs\/2025\/z\/q\/Ncwj2hQnqCL1CF5priRQ\/viaduto5-gladys.jfif\"><br \/>     Tr\u00e2nsito em C\u00e9sar de Sousa tem mudan\u00e7a por causa de obra de viaduto<br \/>\nGladys Peixoto\/g1<br \/>\nO tr\u00e2nsito em C\u00e9sar de Sousa, em Mogi das Cruzes, ter\u00e1 mudan\u00e7as a partir desta segunda-feira (13). Segundo a Prefeitura, um desvio tempor\u00e1rio ser\u00e1 implantado na rotat\u00f3ria da avenida Dante Jord\u00e3o Stoppa.<br \/>\nOs motoristas que seguem pela via no sentido bairro-centro n\u00e3o poder\u00e3o mais contornar a rotat\u00f3ria. Com a mudan\u00e7a, os ve\u00edculos passar\u00e3o pelo centro da rotat\u00f3ria para seguir em dire\u00e7\u00e3o ao Centro pela avenida Dante Jord\u00e3o Stoppa.<br \/>\n\u2705 Clique para seguir o canal do g1 Mogi das Cruzes e Suzano no WhatsApp<br \/>\nDe acordo com a Prefeitura, a altera\u00e7\u00e3o vai permitir o avan\u00e7o das obras do viaduto na regi\u00e3o. A construtora refor\u00e7ou a sinaliza\u00e7\u00e3o no local e orienta os motoristas a redobrar a aten\u00e7\u00e3o ao passar pelo trecho.<br \/>\nO fluxo de pedestres ser\u00e1 direcionado para a cal\u00e7ada do centro comercial, na pista sentido bairro.<br \/>\nA Secretaria Municipal de Obras e Infraestrutura acompanha os trabalhos e aguarda a retirada de cabos e fibras \u00f3pticas dos postes que ser\u00e3o removidos para a continuidade das obras. A concession\u00e1ria EDP j\u00e1 transferiu a rede el\u00e9trica, mas os cabos de outras empresas ainda permanecem no local.<br \/>\nVEJA MAIS<br \/>\nVeja os v\u00eddeos que est\u00e3o em alta no g1<br \/>\nAssista a mais not\u00edcias<\/div>\n","protected":false},"excerpt":{"rendered":"<p>Tr\u00e2nsito em C\u00e9sar de Sousa tem mudan\u00e7a por causa de obra de viaduto Gladys Peixoto\/g1 O tr\u00e2nsito em C\u00e9sar de Sousa, em Mogi das Cruzes, ter\u00e1 mudan\u00e7as a partir desta &#8230;<\/p>\n","protected":false},"author":3,"featured_media":0,"comment_status":"closed","ping_status":"closed","sticky":false,"template":"","format":"standard","meta":{"footnotes":""},"categories":[18],"tags":[],"class_list":["post-2469","post","type-post","status-publish","format-standard","hentry","category-g1"],"_links":{"self":[{"href":"https:\/\/tvdiario.com.br\/comercial\/wp-json\/wp\/v2\/posts\/2469","targetHints":{"allow":["GET"]}}],"collection":[{"href":"https:\/\/tvdiario.com.br\/comercial\/wp-json\/wp\/v2\/posts"}],"about":[{"href":"https:\/\/tvdiario.com.br\/comercial\/wp-json\/wp\/v2\/types\/post"}],"author":[{"embeddable":true,"href":"https:\/\/tvdiario.com.br\/comercial\/wp-json\/wp\/v2\/users\/3"}],"replies":[{"embeddable":true,"href":"https:\/\/tvdiario.com.br\/comercial\/wp-json\/wp\/v2\/comments?post=2469"}],"version-history":[{"count":0,"href":"https:\/\/tvdiario.com.br\/comercial\/wp-json\/wp\/v2\/posts\/2469\/revisions"}],"wp:attachment":[{"href":"https:\/\/tvdiario.com.br\/comercial\/wp-json\/wp\/v2\/media?parent=2469"}],"wp:term":[{"taxonomy":"category","embeddable":true,"href":"https:\/\/tvdiario.com.br\/comercial\/wp-json\/wp\/v2\/categories?post=2469"},{"taxonomy":"post_tag","embeddable":true,"href":"https:\/\/tvdiario.com.br\/comercial\/wp-json\/wp\/v2\/tags?post=2469"}],"curies":[{"name":"wp","href":"https:\/\/api.w.org\/{rel}","templated":true}]}}