{"id":2472,"date":"2026-04-13T12:48:52","date_gmt":"2026-04-13T15:48:52","guid":{"rendered":"https:\/\/tvdiario.com.br\/comercial\/video-carro-em-chamas-desce-rua-desgovernado-e-incendeia-salao-de-beleza-em-itaquaquecetuba\/"},"modified":"2026-04-13T12:48:52","modified_gmt":"2026-04-13T15:48:52","slug":"video-carro-em-chamas-desce-rua-desgovernado-e-incendeia-salao-de-beleza-em-itaquaquecetuba","status":"publish","type":"post","link":"https:\/\/tvdiario.com.br\/comercial\/video-carro-em-chamas-desce-rua-desgovernado-e-incendeia-salao-de-beleza-em-itaquaquecetuba\/","title":{"rendered":"V\u00cdDEO: Carro em chamas desce rua desgovernado e incendeia sal\u00e3o de beleza em Itaquaquecetuba"},"content":{"rendered":"<div><img decoding=\"async\" src=\"https:\/\/tvdiario.com.br\/comercial\/wp-content\/uploads\/2026\/04\/0410-1-.jpg\"><br \/>     Carro bate em poste, pega fogo e incendeia sal\u00e3o de beleza em Itaquaquecetuba<br \/>\nUm carro em chamas bateu contra a parede de um sal\u00e3o de beleza e incendiou o com\u00e9rcio na madrugada deste domingo (12), em Itaquaquecetuba. O caso aconteceu por volta das 0h54 na Rua Ub\u00e1, na Vila Virg\u00ednia (veja o v\u00eddeo acima).<br \/>\n\u2705 Clique para seguir o canal do g1 Mogi das Cruzes e Suzano no WhatsApp<br \/>\nImagens de uma c\u00e2mera de seguran\u00e7a registraram o momento em que o ve\u00edculo, trafegando em alta velocidade, perdeu o controle e bateu em um poste.<br \/>\nLogo ap\u00f3s a colis\u00e3o, o carro come\u00e7ou a pegar fogo e desceu a rua desgovernado. Em seguida, ele atingiu a parede do sal\u00e3o, fazendo com que as chamas se alastrassem para o interior do estabelecimento.<br \/>\nSal\u00e3o de beleza ficou destruido ap\u00f3s ser atingido por carro em chamas<br \/>\nReprodu\u00e7\u00e3o<br \/>\nDe acordo com o Corpo de Bombeiros, as duas pessoas que estavam no carro foram socorridas e encaminhadas para o Centro de Sa\u00fade 24h da cidade. O fogo foi extinto por volta das 2h.<br \/>\nCarro bateu em poste e desceu a rua desgovernado<br \/>\nReprodu\u00e7\u00e3o<br \/>\nAssista a mais not\u00edcias sobre o Alto Tiet\u00ea<\/div>\n","protected":false},"excerpt":{"rendered":"<p>Carro bate em poste, pega fogo e incendeia sal\u00e3o de beleza em Itaquaquecetuba Um carro em chamas bateu contra a parede de um sal\u00e3o de beleza e incendiou o com\u00e9rcio &#8230;<\/p>\n","protected":false},"author":3,"featured_media":2473,"comment_status":"closed","ping_status":"closed","sticky":false,"template":"","format":"standard","meta":{"footnotes":""},"categories":[18],"tags":[],"class_list":["post-2472","post","type-post","status-publish","format-standard","has-post-thumbnail","hentry","category-g1"],"_links":{"self":[{"href":"https:\/\/tvdiario.com.br\/comercial\/wp-json\/wp\/v2\/posts\/2472","targetHints":{"allow":["GET"]}}],"collection":[{"href":"https:\/\/tvdiario.com.br\/comercial\/wp-json\/wp\/v2\/posts"}],"about":[{"href":"https:\/\/tvdiario.com.br\/comercial\/wp-json\/wp\/v2\/types\/post"}],"author":[{"embeddable":true,"href":"https:\/\/tvdiario.com.br\/comercial\/wp-json\/wp\/v2\/users\/3"}],"replies":[{"embeddable":true,"href":"https:\/\/tvdiario.com.br\/comercial\/wp-json\/wp\/v2\/comments?post=2472"}],"version-history":[{"count":0,"href":"https:\/\/tvdiario.com.br\/comercial\/wp-json\/wp\/v2\/posts\/2472\/revisions"}],"wp:featuredmedia":[{"embeddable":true,"href":"https:\/\/tvdiario.com.br\/comercial\/wp-json\/wp\/v2\/media\/2473"}],"wp:attachment":[{"href":"https:\/\/tvdiario.com.br\/comercial\/wp-json\/wp\/v2\/media?parent=2472"}],"wp:term":[{"taxonomy":"category","embeddable":true,"href":"https:\/\/tvdiario.com.br\/comercial\/wp-json\/wp\/v2\/categories?post=2472"},{"taxonomy":"post_tag","embeddable":true,"href":"https:\/\/tvdiario.com.br\/comercial\/wp-json\/wp\/v2\/tags?post=2472"}],"curies":[{"name":"wp","href":"https:\/\/api.w.org\/{rel}","templated":true}]}}