{"id":2474,"date":"2026-04-13T15:02:40","date_gmt":"2026-04-13T18:02:40","guid":{"rendered":"https:\/\/tvdiario.com.br\/comercial\/suspeito-com-21-passagens-e-preso-por-furto-em-escritorio-de-advocacia-em-mogi-das-cruzes\/"},"modified":"2026-04-13T15:02:40","modified_gmt":"2026-04-13T18:02:40","slug":"suspeito-com-21-passagens-e-preso-por-furto-em-escritorio-de-advocacia-em-mogi-das-cruzes","status":"publish","type":"post","link":"https:\/\/tvdiario.com.br\/comercial\/suspeito-com-21-passagens-e-preso-por-furto-em-escritorio-de-advocacia-em-mogi-das-cruzes\/","title":{"rendered":"Suspeito com 21 passagens \u00e9 preso por furto em escrit\u00f3rio de advocacia em Mogi das Cruzes"},"content":{"rendered":"<div><img decoding=\"async\" src=\"https:\/\/tvdiario.com.br\/comercial\/wp-content\/uploads\/2026\/04\/furto-1-.jpg\"><br \/>     Homem \u00e9 preso ap\u00f3s furtar escrit\u00f3rio de advocacia<br \/>\nUm homem foi preso em flagrante por furto dentro de um escrit\u00f3rio de advocacia na regi\u00e3o central de Mogi das Cruzes, na madrugada desta segunda-feira (13). Segundo a Pol\u00edcia Militar, ele foi encontrado com uma bolsa com dinheiro pertencente ao estabelecimento e j\u00e1 tinha 21 passagens anteriores por furto.<br \/>\nA pris\u00e3o ocorreu ap\u00f3s a PM receber uma den\u00fancia de furto em andamento em um escrit\u00f3rio localizado na Rua Major Pinheiro Franco. De acordo com as informa\u00e7\u00f5es repassadas \u00e0 pol\u00edcia, o suspeito, que vestia blusa e bon\u00e9 pretos, estava dentro da sala do setor financeiro realizando v\u00e1rios furtos.<br \/>\n\u2705 Clique para seguir o canal do g1 Mogi das Cruzes e Suzano no WhatsApp<br \/>\nOs policiais foram at\u00e9 o local e encontraram o homem nos fundos do escrit\u00f3rio de advocacia, onde ele foi abordado e preso em flagrante.<br \/>\nDurante a a\u00e7\u00e3o, os PMs localizaram com o suspeito uma bolsa contendo dinheiro. O objeto foi prontamente reconhecido pela v\u00edtima como pertencente ao escrit\u00f3rio.<br \/>\nO suspeito foi encaminhado para a Delegacia de Flagrantes de Mogi das Cruzes.<br \/>\nHomem foi preso em flagrante em escrit\u00f3rio de advocacia em Mogi das Cruzes<br \/>\nReprodu\u00e7\u00e3o\/TV Di\u00e1rio<br \/>\nAssista a mais not\u00edcias do Alto Tiet\u00ea<\/div>\n","protected":false},"excerpt":{"rendered":"<p>Homem \u00e9 preso ap\u00f3s furtar escrit\u00f3rio de advocacia Um homem foi preso em flagrante por furto dentro de um escrit\u00f3rio de advocacia na regi\u00e3o central de Mogi das Cruzes, na &#8230;<\/p>\n","protected":false},"author":3,"featured_media":2475,"comment_status":"closed","ping_status":"closed","sticky":false,"template":"","format":"standard","meta":{"footnotes":""},"categories":[18],"tags":[],"class_list":["post-2474","post","type-post","status-publish","format-standard","has-post-thumbnail","hentry","category-g1"],"_links":{"self":[{"href":"https:\/\/tvdiario.com.br\/comercial\/wp-json\/wp\/v2\/posts\/2474","targetHints":{"allow":["GET"]}}],"collection":[{"href":"https:\/\/tvdiario.com.br\/comercial\/wp-json\/wp\/v2\/posts"}],"about":[{"href":"https:\/\/tvdiario.com.br\/comercial\/wp-json\/wp\/v2\/types\/post"}],"author":[{"embeddable":true,"href":"https:\/\/tvdiario.com.br\/comercial\/wp-json\/wp\/v2\/users\/3"}],"replies":[{"embeddable":true,"href":"https:\/\/tvdiario.com.br\/comercial\/wp-json\/wp\/v2\/comments?post=2474"}],"version-history":[{"count":0,"href":"https:\/\/tvdiario.com.br\/comercial\/wp-json\/wp\/v2\/posts\/2474\/revisions"}],"wp:featuredmedia":[{"embeddable":true,"href":"https:\/\/tvdiario.com.br\/comercial\/wp-json\/wp\/v2\/media\/2475"}],"wp:attachment":[{"href":"https:\/\/tvdiario.com.br\/comercial\/wp-json\/wp\/v2\/media?parent=2474"}],"wp:term":[{"taxonomy":"category","embeddable":true,"href":"https:\/\/tvdiario.com.br\/comercial\/wp-json\/wp\/v2\/categories?post=2474"},{"taxonomy":"post_tag","embeddable":true,"href":"https:\/\/tvdiario.com.br\/comercial\/wp-json\/wp\/v2\/tags?post=2474"}],"curies":[{"name":"wp","href":"https:\/\/api.w.org\/{rel}","templated":true}]}}