{"id":2484,"date":"2026-04-14T12:28:00","date_gmt":"2026-04-14T15:28:00","guid":{"rendered":"https:\/\/tvdiario.com.br\/comercial\/caminhao-tomba-em-estrada-de-mogi-das-cruzes-e-deixa-dois-feridos\/"},"modified":"2026-04-14T12:28:00","modified_gmt":"2026-04-14T15:28:00","slug":"caminhao-tomba-em-estrada-de-mogi-das-cruzes-e-deixa-dois-feridos","status":"publish","type":"post","link":"https:\/\/tvdiario.com.br\/comercial\/caminhao-tomba-em-estrada-de-mogi-das-cruzes-e-deixa-dois-feridos\/","title":{"rendered":"Caminh\u00e3o tomba em estrada de Mogi das Cruzes e deixa dois feridos"},"content":{"rendered":"<div><img decoding=\"async\" src=\"https:\/\/tvdiario.com.br\/comercial\/wp-content\/uploads\/2026\/04\/whatsapp-image-2026-04-14-at-113032.jpeg\"><br \/>     Carreta tombou em estada de Mogi das Cruzes<br \/>\nReprodu\u00e7\u00e3o \/ Vanda da Silva<br \/>\nUm caminh\u00e3o tombou na altura do n\u00famero 70 da estrada Moralogia, no bairro do Tabo\u00e3o, em Mogi das Cruzes. O acidente aconteceu no fim da manh\u00e3 desta ter\u00e7a-feira (14).<br \/>\n\u2705 Clique para seguir o canal do g1 Mogi das Cruzes e Suzano no WhatsApp<br \/>\nDe acordo com as informa\u00e7\u00f5es iniciais do corpo de bombeiros, duas pessoas ficaram levemente feridas e foram atendidas pelo Servi\u00e7o de Atendimento M\u00f3vel de Urg\u00eancia (Samu).  Tr\u00eas viaturas foram encaminhadas para o local.<br \/>\nSegundo a Prefeitura da cidade, agentes municipais de tr\u00e2nsito foram encaminhados ao local para fazer a sinaliza\u00e7\u00e3o e orienta\u00e7\u00e3o do tr\u00e2nsito. Mas n\u00e3o foi necess\u00e1ria nenhuma interdi\u00e7\u00e3o, j\u00e1 que o ve\u00edculo est\u00e1 fora da via.<br \/>\nEsta reportagem est\u00e1 em atualiza\u00e7\u00e3o.<br \/>\nVEJA MAIS<br \/>\nVeja os v\u00eddeos que est\u00e3o em alta no g1<br \/>\nAssista a mais not\u00edcias sobre o Alto Tiet\u00ea<\/div>\n","protected":false},"excerpt":{"rendered":"<p>Carreta tombou em estada de Mogi das Cruzes Reprodu\u00e7\u00e3o \/ Vanda da Silva Um caminh\u00e3o tombou na altura do n\u00famero 70 da estrada Moralogia, no bairro do Tabo\u00e3o, em Mogi &#8230;<\/p>\n","protected":false},"author":3,"featured_media":2485,"comment_status":"closed","ping_status":"closed","sticky":false,"template":"","format":"standard","meta":{"footnotes":""},"categories":[18],"tags":[],"class_list":["post-2484","post","type-post","status-publish","format-standard","has-post-thumbnail","hentry","category-g1"],"_links":{"self":[{"href":"https:\/\/tvdiario.com.br\/comercial\/wp-json\/wp\/v2\/posts\/2484","targetHints":{"allow":["GET"]}}],"collection":[{"href":"https:\/\/tvdiario.com.br\/comercial\/wp-json\/wp\/v2\/posts"}],"about":[{"href":"https:\/\/tvdiario.com.br\/comercial\/wp-json\/wp\/v2\/types\/post"}],"author":[{"embeddable":true,"href":"https:\/\/tvdiario.com.br\/comercial\/wp-json\/wp\/v2\/users\/3"}],"replies":[{"embeddable":true,"href":"https:\/\/tvdiario.com.br\/comercial\/wp-json\/wp\/v2\/comments?post=2484"}],"version-history":[{"count":0,"href":"https:\/\/tvdiario.com.br\/comercial\/wp-json\/wp\/v2\/posts\/2484\/revisions"}],"wp:featuredmedia":[{"embeddable":true,"href":"https:\/\/tvdiario.com.br\/comercial\/wp-json\/wp\/v2\/media\/2485"}],"wp:attachment":[{"href":"https:\/\/tvdiario.com.br\/comercial\/wp-json\/wp\/v2\/media?parent=2484"}],"wp:term":[{"taxonomy":"category","embeddable":true,"href":"https:\/\/tvdiario.com.br\/comercial\/wp-json\/wp\/v2\/categories?post=2484"},{"taxonomy":"post_tag","embeddable":true,"href":"https:\/\/tvdiario.com.br\/comercial\/wp-json\/wp\/v2\/tags?post=2484"}],"curies":[{"name":"wp","href":"https:\/\/api.w.org\/{rel}","templated":true}]}}