{"id":2486,"date":"2026-04-14T15:07:03","date_gmt":"2026-04-14T18:07:03","guid":{"rendered":"https:\/\/tvdiario.com.br\/comercial\/carreta-com-38-toneladas-de-sucata-tomba-em-alca-da-ayrton-senna\/"},"modified":"2026-04-14T15:07:03","modified_gmt":"2026-04-14T18:07:03","slug":"carreta-com-38-toneladas-de-sucata-tomba-em-alca-da-ayrton-senna","status":"publish","type":"post","link":"https:\/\/tvdiario.com.br\/comercial\/carreta-com-38-toneladas-de-sucata-tomba-em-alca-da-ayrton-senna\/","title":{"rendered":"Carreta com 38 toneladas de sucata tomba em al\u00e7a da Ayrton Senna"},"content":{"rendered":"<div><img decoding=\"async\" src=\"https:\/\/tvdiario.com.br\/comercial\/wp-content\/uploads\/2026\/04\/carreta-rodoanel.jpg\"><br \/>     Carreta tombou na al\u00e7a de acesso que liga o Rodoanel Mario Covas com a rodovia Ayrton Senna<br \/>\nRodrigo Tanaka \/ TV Di\u00e1rio<br \/>\nUma carreta carregada com 38 toneladas de sucata tombou em uma al\u00e7a de acesso da Rodovia Ayrton Senna (SP-070), em Itaquaquecetuba. O acidente aconteceu por volta das 11h55 desta ter\u00e7a-feira (14).<br \/>\n\u2705 Clique para seguir o canal do g1 Mogi das Cruzes e Suzano no WhatsApp<br \/>\nDe acordo com a Spmar, concession\u00e1ria que administra o Rodoanel M\u00e1rio Covas (SP-021), rodovia que se conecta \u00e0 al\u00e7a, uma v\u00edtima teve escoria\u00e7\u00f5es leves e foi atendida no local.<br \/>\nUma viatura da concession\u00e1ria foi enviada para o local. A ocorr\u00eancia ainda est\u00e1 em andamento.<br \/>\nEsta reportagem est\u00e1 em atualiza\u00e7\u00e3o.<br \/>\nVEJA MAIS<br \/>\nVeja os v\u00eddeos que est\u00e3o em alta no g1<br \/>\nAssista a mais not\u00edcias sobre o Alto Tiet\u00ea<\/div>\n","protected":false},"excerpt":{"rendered":"<p>Carreta tombou na al\u00e7a de acesso que liga o Rodoanel Mario Covas com a rodovia Ayrton Senna Rodrigo Tanaka \/ TV Di\u00e1rio Uma carreta carregada com 38 toneladas de sucata &#8230;<\/p>\n","protected":false},"author":3,"featured_media":2487,"comment_status":"closed","ping_status":"closed","sticky":false,"template":"","format":"standard","meta":{"footnotes":""},"categories":[18],"tags":[],"class_list":["post-2486","post","type-post","status-publish","format-standard","has-post-thumbnail","hentry","category-g1"],"_links":{"self":[{"href":"https:\/\/tvdiario.com.br\/comercial\/wp-json\/wp\/v2\/posts\/2486","targetHints":{"allow":["GET"]}}],"collection":[{"href":"https:\/\/tvdiario.com.br\/comercial\/wp-json\/wp\/v2\/posts"}],"about":[{"href":"https:\/\/tvdiario.com.br\/comercial\/wp-json\/wp\/v2\/types\/post"}],"author":[{"embeddable":true,"href":"https:\/\/tvdiario.com.br\/comercial\/wp-json\/wp\/v2\/users\/3"}],"replies":[{"embeddable":true,"href":"https:\/\/tvdiario.com.br\/comercial\/wp-json\/wp\/v2\/comments?post=2486"}],"version-history":[{"count":0,"href":"https:\/\/tvdiario.com.br\/comercial\/wp-json\/wp\/v2\/posts\/2486\/revisions"}],"wp:featuredmedia":[{"embeddable":true,"href":"https:\/\/tvdiario.com.br\/comercial\/wp-json\/wp\/v2\/media\/2487"}],"wp:attachment":[{"href":"https:\/\/tvdiario.com.br\/comercial\/wp-json\/wp\/v2\/media?parent=2486"}],"wp:term":[{"taxonomy":"category","embeddable":true,"href":"https:\/\/tvdiario.com.br\/comercial\/wp-json\/wp\/v2\/categories?post=2486"},{"taxonomy":"post_tag","embeddable":true,"href":"https:\/\/tvdiario.com.br\/comercial\/wp-json\/wp\/v2\/tags?post=2486"}],"curies":[{"name":"wp","href":"https:\/\/api.w.org\/{rel}","templated":true}]}}