{"id":2493,"date":"2026-04-14T18:47:45","date_gmt":"2026-04-14T21:47:45","guid":{"rendered":"https:\/\/tvdiario.com.br\/comercial\/pm-apreende-carga-de-sucos-avaliada-em-r-82-mil-em-mogi-das-cruzes\/"},"modified":"2026-04-14T18:47:45","modified_gmt":"2026-04-14T21:47:45","slug":"pm-apreende-carga-de-sucos-avaliada-em-r-82-mil-em-mogi-das-cruzes","status":"publish","type":"post","link":"https:\/\/tvdiario.com.br\/comercial\/pm-apreende-carga-de-sucos-avaliada-em-r-82-mil-em-mogi-das-cruzes\/","title":{"rendered":"PM apreende carga de sucos avaliada em R$ 82 mil em Mogi das Cruzes"},"content":{"rendered":"<div><img decoding=\"async\" src=\"https:\/\/tvdiario.com.br\/comercial\/wp-content\/uploads\/2026\/04\/sucoapreensao2-pm.jpg\"><br \/>     Carga de caixas com suco eram armazenadas em quintal de casa em Mogi das Cruzes<br \/>\nPol\u00edcia Militar\/Divulga\u00e7\u00e3o<br \/>\nA Pol\u00edcia Militar apreendeu uma carga de sucos avaliada em R$ 82 mil nesta ter\u00e7a-feira (14), em Mogi das Cruzes. A a\u00e7\u00e3o ocorreu ap\u00f3s den\u00fancia de que produtos estavam sendo descarregados no quintal de um im\u00f3vel na Rua Jo\u00e3o da Cruz Braga, no Jardim Layr.<br \/>\n\u2705 Clique para seguir o canal do g1 Mogi das Cruzes e Suzano no WhatsApp<br \/>\nNo local, os policiais flagraram quatro homens retirando a carga de um caminh\u00e3o e armazenando os produtos na casa.<br \/>\nSegundo a Pol\u00edcia Militar (PM), os envolvidos disseram que foram contratados apenas para descarregar a carga.<br \/>\nO motorista afirmou que retirou os produtos em um dep\u00f3sito em Guarulhos, com destino a uma unidade do supermercado Carrefour, na Rodovia Anhanguera. No entanto, durante o trajeto, recebeu uma liga\u00e7\u00e3o com a orienta\u00e7\u00e3o de descarregar os itens no endere\u00e7o onde ocorreu a abordagem.<br \/>\nVeja tamb\u00e9m<br \/>\nVeja os v\u00eddeos que est\u00e3o em alta no g1<br \/>\nOs homens foram levados para a Central de Pol\u00edcia Judici\u00e1ria, onde o delegado determinou a realiza\u00e7\u00e3o de per\u00edcia.<br \/>\nA carga foi apreendida e devolvida ao representante da empresa respons\u00e1vel pelo transporte.<br \/>\nO celular do motorista tamb\u00e9m foi apreendido para an\u00e1lise. Os envolvidos permaneceram \u00e0 disposi\u00e7\u00e3o da Justi\u00e7a. O caso segue sob investiga\u00e7\u00e3o.<br \/>\nAssista a mais not\u00edcias<\/div>\n","protected":false},"excerpt":{"rendered":"<p>Carga de caixas com suco eram armazenadas em quintal de casa em Mogi das Cruzes Pol\u00edcia Militar\/Divulga\u00e7\u00e3o A Pol\u00edcia Militar apreendeu uma carga de sucos avaliada em R$ 82 mil &#8230;<\/p>\n","protected":false},"author":3,"featured_media":2494,"comment_status":"closed","ping_status":"closed","sticky":false,"template":"","format":"standard","meta":{"footnotes":""},"categories":[18],"tags":[],"class_list":["post-2493","post","type-post","status-publish","format-standard","has-post-thumbnail","hentry","category-g1"],"_links":{"self":[{"href":"https:\/\/tvdiario.com.br\/comercial\/wp-json\/wp\/v2\/posts\/2493","targetHints":{"allow":["GET"]}}],"collection":[{"href":"https:\/\/tvdiario.com.br\/comercial\/wp-json\/wp\/v2\/posts"}],"about":[{"href":"https:\/\/tvdiario.com.br\/comercial\/wp-json\/wp\/v2\/types\/post"}],"author":[{"embeddable":true,"href":"https:\/\/tvdiario.com.br\/comercial\/wp-json\/wp\/v2\/users\/3"}],"replies":[{"embeddable":true,"href":"https:\/\/tvdiario.com.br\/comercial\/wp-json\/wp\/v2\/comments?post=2493"}],"version-history":[{"count":0,"href":"https:\/\/tvdiario.com.br\/comercial\/wp-json\/wp\/v2\/posts\/2493\/revisions"}],"wp:featuredmedia":[{"embeddable":true,"href":"https:\/\/tvdiario.com.br\/comercial\/wp-json\/wp\/v2\/media\/2494"}],"wp:attachment":[{"href":"https:\/\/tvdiario.com.br\/comercial\/wp-json\/wp\/v2\/media?parent=2493"}],"wp:term":[{"taxonomy":"category","embeddable":true,"href":"https:\/\/tvdiario.com.br\/comercial\/wp-json\/wp\/v2\/categories?post=2493"},{"taxonomy":"post_tag","embeddable":true,"href":"https:\/\/tvdiario.com.br\/comercial\/wp-json\/wp\/v2\/tags?post=2493"}],"curies":[{"name":"wp","href":"https:\/\/api.w.org\/{rel}","templated":true}]}}