{"id":2497,"date":"2026-04-15T18:04:12","date_gmt":"2026-04-15T21:04:12","guid":{"rendered":"https:\/\/tvdiario.com.br\/comercial\/avenida-de-biritiba-mirim-fica-interditada-para-obras-a-partir-desta-quarta\/"},"modified":"2026-04-15T18:04:12","modified_gmt":"2026-04-15T21:04:12","slug":"avenida-de-biritiba-mirim-fica-interditada-para-obras-a-partir-desta-quarta","status":"publish","type":"post","link":"https:\/\/tvdiario.com.br\/comercial\/avenida-de-biritiba-mirim-fica-interditada-para-obras-a-partir-desta-quarta\/","title":{"rendered":"Avenida de Biritiba Mirim fica interditada para obras a partir desta quarta"},"content":{"rendered":"<div><img decoding=\"async\" src=\"https:\/\/tvdiario.com.br\/comercial\/wp-content\/uploads\/2026\/04\/whatsapp-image-2026-04-15-at-155151.jpeg\"><br \/>     Avenida 9 de julho, em Biritiba Mirim, ficar\u00e1 interditada por pelo menos 15 dias<br \/>\nReprodu\u00e7\u00e3o \/ Secom Biritiba Mirim<br \/>\nA Avenida 9 de Julho, no Jardim Yoneda, em Biritiba-Mirim, ficar\u00e1 interditada por pelo menos 15 dias a partir desta quarta-feira (15).<br \/>\n\u2705 Clique para seguir o canal do g1 Mogi das Cruzes e Suzano no WhatsApp<br \/>\nDe acordo com a Prefeitura da cidade, o motivo da interdi\u00e7\u00e3o s\u00e3o obras de infraestrutura para a pavimenta\u00e7\u00e3o da estrada Santa Catarina.<br \/>\nA informa\u00e7\u00e3o inicial \u00e9 que a mudan\u00e7a deve durar at\u00e9 o fim de abril, mas a administra\u00e7\u00e3o p\u00fablica alerta que o prazo pode ser estendido, caso as obras levem mais tempo.<br \/>\nDurante o per\u00edodo, o acesso ao local poder\u00e1 ser feito pelo bairro Pomar do Carmo e pela Estrada do Rio Acima, sendo permitido apenas o tr\u00e2nsito de ve\u00edculos de moradores da regi\u00e3o.<br \/>\nVEJA MAIS<br \/>\nVeja os v\u00eddeos que est\u00e3o em alta no g1<br \/>\nAssista a mais not\u00edcias sobre o Alto Tiet\u00ea<\/div>\n","protected":false},"excerpt":{"rendered":"<p>Avenida 9 de julho, em Biritiba Mirim, ficar\u00e1 interditada por pelo menos 15 dias Reprodu\u00e7\u00e3o \/ Secom Biritiba Mirim A Avenida 9 de Julho, no Jardim Yoneda, em Biritiba-Mirim, ficar\u00e1 &#8230;<\/p>\n","protected":false},"author":3,"featured_media":2498,"comment_status":"closed","ping_status":"closed","sticky":false,"template":"","format":"standard","meta":{"footnotes":""},"categories":[18],"tags":[],"class_list":["post-2497","post","type-post","status-publish","format-standard","has-post-thumbnail","hentry","category-g1"],"_links":{"self":[{"href":"https:\/\/tvdiario.com.br\/comercial\/wp-json\/wp\/v2\/posts\/2497","targetHints":{"allow":["GET"]}}],"collection":[{"href":"https:\/\/tvdiario.com.br\/comercial\/wp-json\/wp\/v2\/posts"}],"about":[{"href":"https:\/\/tvdiario.com.br\/comercial\/wp-json\/wp\/v2\/types\/post"}],"author":[{"embeddable":true,"href":"https:\/\/tvdiario.com.br\/comercial\/wp-json\/wp\/v2\/users\/3"}],"replies":[{"embeddable":true,"href":"https:\/\/tvdiario.com.br\/comercial\/wp-json\/wp\/v2\/comments?post=2497"}],"version-history":[{"count":0,"href":"https:\/\/tvdiario.com.br\/comercial\/wp-json\/wp\/v2\/posts\/2497\/revisions"}],"wp:featuredmedia":[{"embeddable":true,"href":"https:\/\/tvdiario.com.br\/comercial\/wp-json\/wp\/v2\/media\/2498"}],"wp:attachment":[{"href":"https:\/\/tvdiario.com.br\/comercial\/wp-json\/wp\/v2\/media?parent=2497"}],"wp:term":[{"taxonomy":"category","embeddable":true,"href":"https:\/\/tvdiario.com.br\/comercial\/wp-json\/wp\/v2\/categories?post=2497"},{"taxonomy":"post_tag","embeddable":true,"href":"https:\/\/tvdiario.com.br\/comercial\/wp-json\/wp\/v2\/tags?post=2497"}],"curies":[{"name":"wp","href":"https:\/\/api.w.org\/{rel}","templated":true}]}}